{"id":1074,"date":"2014-06-08T15:21:47","date_gmt":"2014-06-08T22:21:47","guid":{"rendered":"http:\/\/www.alexandremagnin.com\/main\/fr\/?p=1074"},"modified":"2017-09-08T13:56:46","modified_gmt":"2017-09-08T20:56:46","slug":"croquis-conference-accelerate","status":"publish","type":"post","link":"https:\/\/www.alexandremagnin.com\/main\/fr\/2014\/06\/08\/croquis-conference-accelerate\/","title":{"rendered":"Croquis de la conf\u00e9rence Accelerate"},"content":{"rendered":"<h2>Conf\u00e9rence Accelerate : croquis<\/h2>\n<p>La semaine pass\u00e9e, j&rsquo;\u00e9tais dans les locaux d&rsquo;<a title=\"Sustainability: the threshold explained in 20 seconds (spaghetti analogy)\" href=\"http:\/\/www.evergreen.ca\/get-involved\/evergreen-brick-works\/\" target=\"_blank\" rel=\"noopener\">Evergreen Brik Works<\/a> pour la <a title=\"New Business Cards\" href=\"http:\/\/www.naturalstep.ca\/accelerate\" target=\"_blank\" rel=\"noopener\">Conference<\/a><a title=\"New Business Cards\" href=\"http:\/\/www.naturalstep.ca\/accelerate\" target=\"_blank\" rel=\"noopener\"> <em>Accelerate<\/em><\/a> de The Natural Step (5-6 juin 2014). Voici quelques croquis de pr\u00e9sentateurs qui sont pass\u00e9s sur sc\u00e8ne. Les sujets \u00e9taient assez loin de moi, il m&rsquo;a donc \u00e9t\u00e9 difficile d&rsquo;effectuer des portraits tr\u00e8s ressemblant mais voil\u00e0 ce que j&rsquo;ai vu de l\u00e0 o\u00f9 j&rsquo;\u00e9tais assis \ud83d\ude42 Dites-moi ce que vous en pensez dans les commentaires ci-dessous&#8230;<\/p>\n<p><em><a href=\"http:\/\/www.naturalstep.ca\/accelerate\" target=\"_blank\" rel=\"noopener\">Accelerate<\/a><\/em> est une conf\u00e9rence organis\u00e9e par <a href=\"http:\/\/www.naturalstep.ca\/\" target=\"_blank\" rel=\"noopener\">The Natural Step Canada<\/a> sur le th\u00e8me de la collaboration pour le d\u00e9veloppement durable puisque les organisations sont limit\u00e9es dans les progr\u00e8s qu&rsquo;elles peuvent effectuer seules. Elles rencontrent toutes \u00e0 un moment ou \u00e0 un autre des barri\u00e8res qu&rsquo;elles ne peuvent franchir qu&rsquo;en collaborant avec des partenaires. <em>Accelerate<\/em> 2014 \u00e9tait la seconde \u00e9dition et a rassembl\u00e9 environ 150 personnes int\u00e9ress\u00e9es \u00e0 approfondir leurs connaissances et comp\u00e9tences sur le sujet de la collaboration gr\u00e2ce \u00e0 des experts, \u00e0 des retours d&rsquo;exp\u00e9rience et \u00e0 des connections avec d&rsquo;autres agents de changement afin d&rsquo;initier de nouvelles initiatives de collaboration. Gr\u00e2ce \u00e0 une combinaison de s\u00e9ances pl\u00e9niaires et de travaux en groupe, elle a permis de partager l&rsquo;expertise des uns et des autres ainsi que des exp\u00e9riences et des exemples concrets venant de divers secteurs.<\/p>\n","protected":false},"excerpt":{"rendered":"<p>Conf\u00e9rence Accelerate : croquis La semaine pass\u00e9e, j&rsquo;\u00e9tais dans les locaux d&rsquo;Evergreen Brik Works pour la Conference Accelerate de The Natural Step (5-6 juin 2014). Voici quelques croquis de pr\u00e9sentateurs&#8230;<\/p>\n","protected":false},"author":1,"featured_media":1077,"comment_status":"open","ping_status":"open","sticky":false,"template":"","format":"standard","meta":{"footnotes":""},"categories":[4,5],"tags":[165,166,164,42,167],"class_list":{"0":"post-1074","1":"post","2":"type-post","3":"status-publish","4":"format-standard","5":"has-post-thumbnail","7":"category-dessins","8":"category-peinture-esquisse","9":"tag-accelerate","10":"tag-conference","11":"tag-croquis","12":"tag-dessin","13":"tag-the-natural-step"},"yoast_head":"<!-- This site is optimized with the Yoast SEO plugin v27.5 - https:\/\/yoast.com\/product\/yoast-seo-wordpress\/ -->\n<title>Accelerate conference : croquis<\/title>\n<meta name=\"description\" content=\"Cet article pr\u00e9sente des croquis r\u00e9alis\u00e9s par Alexandre Magnin lors de la conf\u00e9rence Accelerate qui s&#039;est d\u00e9roul\u00e9e \u00e0 Toronto les 5 et 6 juin 2014.\" \/>\n<meta name=\"robots\" content=\"index, follow, max-snippet:-1, max-image-preview:large, max-video-preview:-1\" \/>\n<link rel=\"canonical\" href=\"https:\/\/www.alexandremagnin.com\/main\/fr\/2014\/06\/08\/croquis-conference-accelerate\/\" \/>\n<meta property=\"og:locale\" content=\"fr_FR\" \/>\n<meta property=\"og:type\" content=\"article\" \/>\n<meta property=\"og:title\" content=\"Accelerate conference : croquis\" \/>\n<meta property=\"og:description\" content=\"Cet article pr\u00e9sente des croquis r\u00e9alis\u00e9s par Alexandre Magnin lors de la conf\u00e9rence Accelerate qui s&#039;est d\u00e9roul\u00e9e \u00e0 Toronto les 5 et 6 juin 2014.\" \/>\n<meta property=\"og:url\" content=\"https:\/\/www.alexandremagnin.com\/main\/fr\/2014\/06\/08\/croquis-conference-accelerate\/\" \/>\n<meta property=\"og:site_name\" content=\"am creative ! [fr]\" \/>\n<meta property=\"article:published_time\" content=\"2014-06-08T22:21:47+00:00\" \/>\n<meta property=\"article:modified_time\" content=\"2017-09-08T20:56:46+00:00\" \/>\n<meta property=\"og:image\" content=\"https:\/\/www.alexandremagnin.com\/main\/fr\/wp-content\/uploads\/sites\/3\/2014\/06\/AccelerateSketches2.jpg\" \/>\n\t<meta property=\"og:image:width\" content=\"1200\" \/>\n\t<meta property=\"og:image:height\" content=\"796\" \/>\n\t<meta property=\"og:image:type\" content=\"image\/jpeg\" \/>\n<meta name=\"author\" content=\"Alexandre\" \/>\n<meta name=\"twitter:label1\" content=\"\u00c9crit par\" \/>\n\t<meta name=\"twitter:data1\" content=\"Alexandre\" \/>\n\t<meta name=\"twitter:label2\" content=\"Dur\u00e9e de lecture estim\u00e9e\" \/>\n\t<meta name=\"twitter:data2\" content=\"1 minute\" \/>\n<script type=\"application\/ld+json\" class=\"yoast-schema-graph\">{\"@context\":\"https:\\\/\\\/schema.org\",\"@graph\":[{\"@type\":\"Article\",\"@id\":\"https:\\\/\\\/www.alexandremagnin.com\\\/main\\\/fr\\\/2014\\\/06\\\/08\\\/croquis-conference-accelerate\\\/#article\",\"isPartOf\":{\"@id\":\"https:\\\/\\\/www.alexandremagnin.com\\\/main\\\/fr\\\/2014\\\/06\\\/08\\\/croquis-conference-accelerate\\\/\"},\"author\":{\"name\":\"Alexandre\",\"@id\":\"https:\\\/\\\/www.alexandremagnin.com\\\/main\\\/fr\\\/#\\\/schema\\\/person\\\/4be7c1c885e74bf754e0aa9abc874767\"},\"headline\":\"Croquis de la conf\u00e9rence Accelerate\",\"datePublished\":\"2014-06-08T22:21:47+00:00\",\"dateModified\":\"2017-09-08T20:56:46+00:00\",\"mainEntityOfPage\":{\"@id\":\"https:\\\/\\\/www.alexandremagnin.com\\\/main\\\/fr\\\/2014\\\/06\\\/08\\\/croquis-conference-accelerate\\\/\"},\"wordCount\":241,\"commentCount\":0,\"image\":{\"@id\":\"https:\\\/\\\/www.alexandremagnin.com\\\/main\\\/fr\\\/2014\\\/06\\\/08\\\/croquis-conference-accelerate\\\/#primaryimage\"},\"thumbnailUrl\":\"https:\\\/\\\/www.alexandremagnin.com\\\/main\\\/fr\\\/wp-content\\\/uploads\\\/sites\\\/3\\\/2014\\\/06\\\/AccelerateSketches2.jpg\",\"keywords\":[\"accelerate\",\"conf\u00e9rence\",\"croquis\",\"dessin\",\"the natural step\"],\"articleSection\":[\"Dessin\",\"Peinture \\\/ Esquisse\"],\"inLanguage\":\"fr-FR\",\"potentialAction\":[{\"@type\":\"CommentAction\",\"name\":\"Comment\",\"target\":[\"https:\\\/\\\/www.alexandremagnin.com\\\/main\\\/fr\\\/2014\\\/06\\\/08\\\/croquis-conference-accelerate\\\/#respond\"]}]},{\"@type\":\"WebPage\",\"@id\":\"https:\\\/\\\/www.alexandremagnin.com\\\/main\\\/fr\\\/2014\\\/06\\\/08\\\/croquis-conference-accelerate\\\/\",\"url\":\"https:\\\/\\\/www.alexandremagnin.com\\\/main\\\/fr\\\/2014\\\/06\\\/08\\\/croquis-conference-accelerate\\\/\",\"name\":\"Accelerate conference : croquis\",\"isPartOf\":{\"@id\":\"https:\\\/\\\/www.alexandremagnin.com\\\/main\\\/fr\\\/#website\"},\"primaryImageOfPage\":{\"@id\":\"https:\\\/\\\/www.alexandremagnin.com\\\/main\\\/fr\\\/2014\\\/06\\\/08\\\/croquis-conference-accelerate\\\/#primaryimage\"},\"image\":{\"@id\":\"https:\\\/\\\/www.alexandremagnin.com\\\/main\\\/fr\\\/2014\\\/06\\\/08\\\/croquis-conference-accelerate\\\/#primaryimage\"},\"thumbnailUrl\":\"https:\\\/\\\/www.alexandremagnin.com\\\/main\\\/fr\\\/wp-content\\\/uploads\\\/sites\\\/3\\\/2014\\\/06\\\/AccelerateSketches2.jpg\",\"datePublished\":\"2014-06-08T22:21:47+00:00\",\"dateModified\":\"2017-09-08T20:56:46+00:00\",\"author\":{\"@id\":\"https:\\\/\\\/www.alexandremagnin.com\\\/main\\\/fr\\\/#\\\/schema\\\/person\\\/4be7c1c885e74bf754e0aa9abc874767\"},\"description\":\"Cet article pr\u00e9sente des croquis r\u00e9alis\u00e9s par Alexandre Magnin lors de la conf\u00e9rence Accelerate qui s'est d\u00e9roul\u00e9e \u00e0 Toronto les 5 et 6 juin 2014.\",\"inLanguage\":\"fr-FR\",\"potentialAction\":[{\"@type\":\"ReadAction\",\"target\":[\"https:\\\/\\\/www.alexandremagnin.com\\\/main\\\/fr\\\/2014\\\/06\\\/08\\\/croquis-conference-accelerate\\\/\"]}]},{\"@type\":\"ImageObject\",\"inLanguage\":\"fr-FR\",\"@id\":\"https:\\\/\\\/www.alexandremagnin.com\\\/main\\\/fr\\\/2014\\\/06\\\/08\\\/croquis-conference-accelerate\\\/#primaryimage\",\"url\":\"https:\\\/\\\/www.alexandremagnin.com\\\/main\\\/fr\\\/wp-content\\\/uploads\\\/sites\\\/3\\\/2014\\\/06\\\/AccelerateSketches2.jpg\",\"contentUrl\":\"https:\\\/\\\/www.alexandremagnin.com\\\/main\\\/fr\\\/wp-content\\\/uploads\\\/sites\\\/3\\\/2014\\\/06\\\/AccelerateSketches2.jpg\",\"width\":1200,\"height\":796,\"caption\":\"Croquis de la Conf\u00e9rence Accelerate\"},{\"@type\":\"WebSite\",\"@id\":\"https:\\\/\\\/www.alexandremagnin.com\\\/main\\\/fr\\\/#website\",\"url\":\"https:\\\/\\\/www.alexandremagnin.com\\\/main\\\/fr\\\/\",\"name\":\"am creative ! [fr]\",\"description\":\"Alexandre Magnin: Illustrer un changement durable\",\"potentialAction\":[{\"@type\":\"SearchAction\",\"target\":{\"@type\":\"EntryPoint\",\"urlTemplate\":\"https:\\\/\\\/www.alexandremagnin.com\\\/main\\\/fr\\\/?s={search_term_string}\"},\"query-input\":{\"@type\":\"PropertyValueSpecification\",\"valueRequired\":true,\"valueName\":\"search_term_string\"}}],\"inLanguage\":\"fr-FR\"},{\"@type\":\"Person\",\"@id\":\"https:\\\/\\\/www.alexandremagnin.com\\\/main\\\/fr\\\/#\\\/schema\\\/person\\\/4be7c1c885e74bf754e0aa9abc874767\",\"name\":\"Alexandre\",\"image\":{\"@type\":\"ImageObject\",\"inLanguage\":\"fr-FR\",\"@id\":\"https:\\\/\\\/secure.gravatar.com\\\/avatar\\\/2c77fe88424223ee844fbe74abf9d616084630610af6fa37e6369579438c625e?s=96&d=mm&r=g\",\"url\":\"https:\\\/\\\/secure.gravatar.com\\\/avatar\\\/2c77fe88424223ee844fbe74abf9d616084630610af6fa37e6369579438c625e?s=96&d=mm&r=g\",\"contentUrl\":\"https:\\\/\\\/secure.gravatar.com\\\/avatar\\\/2c77fe88424223ee844fbe74abf9d616084630610af6fa37e6369579438c625e?s=96&d=mm&r=g\",\"caption\":\"Alexandre\"},\"url\":\"https:\\\/\\\/www.alexandremagnin.com\\\/main\\\/fr\\\/author\\\/alexandre-magningmail-com\\\/\"}]}<\/script>\n<!-- \/ Yoast SEO plugin. -->","yoast_head_json":{"title":"Accelerate conference : croquis","description":"Cet article pr\u00e9sente des croquis r\u00e9alis\u00e9s par Alexandre Magnin lors de la conf\u00e9rence Accelerate qui s'est d\u00e9roul\u00e9e \u00e0 Toronto les 5 et 6 juin 2014.","robots":{"index":"index","follow":"follow","max-snippet":"max-snippet:-1","max-image-preview":"max-image-preview:large","max-video-preview":"max-video-preview:-1"},"canonical":"https:\/\/www.alexandremagnin.com\/main\/fr\/2014\/06\/08\/croquis-conference-accelerate\/","og_locale":"fr_FR","og_type":"article","og_title":"Accelerate conference : croquis","og_description":"Cet article pr\u00e9sente des croquis r\u00e9alis\u00e9s par Alexandre Magnin lors de la conf\u00e9rence Accelerate qui s'est d\u00e9roul\u00e9e \u00e0 Toronto les 5 et 6 juin 2014.","og_url":"https:\/\/www.alexandremagnin.com\/main\/fr\/2014\/06\/08\/croquis-conference-accelerate\/","og_site_name":"am creative ! [fr]","article_published_time":"2014-06-08T22:21:47+00:00","article_modified_time":"2017-09-08T20:56:46+00:00","og_image":[{"width":1200,"height":796,"url":"https:\/\/www.alexandremagnin.com\/main\/fr\/wp-content\/uploads\/sites\/3\/2014\/06\/AccelerateSketches2.jpg","type":"image\/jpeg"}],"author":"Alexandre","twitter_misc":{"\u00c9crit par":"Alexandre","Dur\u00e9e de lecture estim\u00e9e":"1 minute"},"schema":{"@context":"https:\/\/schema.org","@graph":[{"@type":"Article","@id":"https:\/\/www.alexandremagnin.com\/main\/fr\/2014\/06\/08\/croquis-conference-accelerate\/#article","isPartOf":{"@id":"https:\/\/www.alexandremagnin.com\/main\/fr\/2014\/06\/08\/croquis-conference-accelerate\/"},"author":{"name":"Alexandre","@id":"https:\/\/www.alexandremagnin.com\/main\/fr\/#\/schema\/person\/4be7c1c885e74bf754e0aa9abc874767"},"headline":"Croquis de la conf\u00e9rence Accelerate","datePublished":"2014-06-08T22:21:47+00:00","dateModified":"2017-09-08T20:56:46+00:00","mainEntityOfPage":{"@id":"https:\/\/www.alexandremagnin.com\/main\/fr\/2014\/06\/08\/croquis-conference-accelerate\/"},"wordCount":241,"commentCount":0,"image":{"@id":"https:\/\/www.alexandremagnin.com\/main\/fr\/2014\/06\/08\/croquis-conference-accelerate\/#primaryimage"},"thumbnailUrl":"https:\/\/www.alexandremagnin.com\/main\/fr\/wp-content\/uploads\/sites\/3\/2014\/06\/AccelerateSketches2.jpg","keywords":["accelerate","conf\u00e9rence","croquis","dessin","the natural step"],"articleSection":["Dessin","Peinture \/ Esquisse"],"inLanguage":"fr-FR","potentialAction":[{"@type":"CommentAction","name":"Comment","target":["https:\/\/www.alexandremagnin.com\/main\/fr\/2014\/06\/08\/croquis-conference-accelerate\/#respond"]}]},{"@type":"WebPage","@id":"https:\/\/www.alexandremagnin.com\/main\/fr\/2014\/06\/08\/croquis-conference-accelerate\/","url":"https:\/\/www.alexandremagnin.com\/main\/fr\/2014\/06\/08\/croquis-conference-accelerate\/","name":"Accelerate conference : croquis","isPartOf":{"@id":"https:\/\/www.alexandremagnin.com\/main\/fr\/#website"},"primaryImageOfPage":{"@id":"https:\/\/www.alexandremagnin.com\/main\/fr\/2014\/06\/08\/croquis-conference-accelerate\/#primaryimage"},"image":{"@id":"https:\/\/www.alexandremagnin.com\/main\/fr\/2014\/06\/08\/croquis-conference-accelerate\/#primaryimage"},"thumbnailUrl":"https:\/\/www.alexandremagnin.com\/main\/fr\/wp-content\/uploads\/sites\/3\/2014\/06\/AccelerateSketches2.jpg","datePublished":"2014-06-08T22:21:47+00:00","dateModified":"2017-09-08T20:56:46+00:00","author":{"@id":"https:\/\/www.alexandremagnin.com\/main\/fr\/#\/schema\/person\/4be7c1c885e74bf754e0aa9abc874767"},"description":"Cet article pr\u00e9sente des croquis r\u00e9alis\u00e9s par Alexandre Magnin lors de la conf\u00e9rence Accelerate qui s'est d\u00e9roul\u00e9e \u00e0 Toronto les 5 et 6 juin 2014.","inLanguage":"fr-FR","potentialAction":[{"@type":"ReadAction","target":["https:\/\/www.alexandremagnin.com\/main\/fr\/2014\/06\/08\/croquis-conference-accelerate\/"]}]},{"@type":"ImageObject","inLanguage":"fr-FR","@id":"https:\/\/www.alexandremagnin.com\/main\/fr\/2014\/06\/08\/croquis-conference-accelerate\/#primaryimage","url":"https:\/\/www.alexandremagnin.com\/main\/fr\/wp-content\/uploads\/sites\/3\/2014\/06\/AccelerateSketches2.jpg","contentUrl":"https:\/\/www.alexandremagnin.com\/main\/fr\/wp-content\/uploads\/sites\/3\/2014\/06\/AccelerateSketches2.jpg","width":1200,"height":796,"caption":"Croquis de la Conf\u00e9rence Accelerate"},{"@type":"WebSite","@id":"https:\/\/www.alexandremagnin.com\/main\/fr\/#website","url":"https:\/\/www.alexandremagnin.com\/main\/fr\/","name":"am creative ! [fr]","description":"Alexandre Magnin: Illustrer un changement durable","potentialAction":[{"@type":"SearchAction","target":{"@type":"EntryPoint","urlTemplate":"https:\/\/www.alexandremagnin.com\/main\/fr\/?s={search_term_string}"},"query-input":{"@type":"PropertyValueSpecification","valueRequired":true,"valueName":"search_term_string"}}],"inLanguage":"fr-FR"},{"@type":"Person","@id":"https:\/\/www.alexandremagnin.com\/main\/fr\/#\/schema\/person\/4be7c1c885e74bf754e0aa9abc874767","name":"Alexandre","image":{"@type":"ImageObject","inLanguage":"fr-FR","@id":"https:\/\/secure.gravatar.com\/avatar\/2c77fe88424223ee844fbe74abf9d616084630610af6fa37e6369579438c625e?s=96&d=mm&r=g","url":"https:\/\/secure.gravatar.com\/avatar\/2c77fe88424223ee844fbe74abf9d616084630610af6fa37e6369579438c625e?s=96&d=mm&r=g","contentUrl":"https:\/\/secure.gravatar.com\/avatar\/2c77fe88424223ee844fbe74abf9d616084630610af6fa37e6369579438c625e?s=96&d=mm&r=g","caption":"Alexandre"},"url":"https:\/\/www.alexandremagnin.com\/main\/fr\/author\/alexandre-magningmail-com\/"}]}},"_links":{"self":[{"href":"https:\/\/www.alexandremagnin.com\/main\/fr\/wp-json\/wp\/v2\/posts\/1074","targetHints":{"allow":["GET"]}}],"collection":[{"href":"https:\/\/www.alexandremagnin.com\/main\/fr\/wp-json\/wp\/v2\/posts"}],"about":[{"href":"https:\/\/www.alexandremagnin.com\/main\/fr\/wp-json\/wp\/v2\/types\/post"}],"author":[{"embeddable":true,"href":"https:\/\/www.alexandremagnin.com\/main\/fr\/wp-json\/wp\/v2\/users\/1"}],"replies":[{"embeddable":true,"href":"https:\/\/www.alexandremagnin.com\/main\/fr\/wp-json\/wp\/v2\/comments?post=1074"}],"version-history":[{"count":0,"href":"https:\/\/www.alexandremagnin.com\/main\/fr\/wp-json\/wp\/v2\/posts\/1074\/revisions"}],"wp:featuredmedia":[{"embeddable":true,"href":"https:\/\/www.alexandremagnin.com\/main\/fr\/wp-json\/wp\/v2\/media\/1077"}],"wp:attachment":[{"href":"https:\/\/www.alexandremagnin.com\/main\/fr\/wp-json\/wp\/v2\/media?parent=1074"}],"wp:term":[{"taxonomy":"category","embeddable":true,"href":"https:\/\/www.alexandremagnin.com\/main\/fr\/wp-json\/wp\/v2\/categories?post=1074"},{"taxonomy":"post_tag","embeddable":true,"href":"https:\/\/www.alexandremagnin.com\/main\/fr\/wp-json\/wp\/v2\/tags?post=1074"}],"curies":[{"name":"wp","href":"https:\/\/api.w.org\/{rel}","templated":true}]}}