{"id":141,"date":"2013-03-11T09:38:33","date_gmt":"2013-03-11T16:38:33","guid":{"rendered":"http:\/\/www.alexandremagnin.com\/mywordpress\/fr\/?p=141"},"modified":"2014-04-08T16:30:26","modified_gmt":"2014-04-08T16:30:26","slug":"infographie-conference-developpement-durable","status":"publish","type":"post","link":"https:\/\/www.alexandremagnin.com\/main\/fr\/2013\/03\/11\/infographie-conference-developpement-durable\/","title":{"rendered":"Infographie: Conf\u00e9rence d\u00e9veloppement durable"},"content":{"rendered":"<p>Le 23 avril prochain \u00e0 Paris, j&rsquo;organise avec quelques coll\u00e8gues et amis une conf\u00e9rence d&rsquo;une journ\u00e9e sur le th\u00e8me de la \u00ab\u00a0transformation vers la durabilit\u00e9 en intelligence collective\u00a0\u00bb. Cet \u00e9v\u00e9nement a pour but de rassembler des praticiens en d\u00e9veloppement durable, en intelligence collective (<a title=\"Art of Hosting\" href=\"http:\/\/http:\/\/www.artofhosting.org\" target=\"_blank\">Art of Hosting<\/a>) et en transformation d&rsquo;organisations afin d&rsquo;\u00e9changer, d&rsquo;apprendre et de collaborer pour cr\u00e9er le changement que nous souhaitons voir dans le monde. Organis\u00e9 en partenariat avec la soci\u00e9t\u00e9 <a title=\"ImFusio - Transformer votre organisation par le CO\" href=\"http:\/\/imfusio.com\" target=\"_blank\">ImFusio<\/a>, l&rsquo;\u00e9v\u00e9nement se d\u00e9roulera dans leurs locaux. En dessinant l&rsquo;invitation, j&rsquo;ai choisi de lui donner un c\u00f4t\u00e9 l\u00e9ger, convivial, cr\u00e9atif et innovant sugg\u00e9rant ce que nous ferons le 23 avril, c&rsquo;est-\u00e0-dire des ateliers et des s\u00e9ances de brainstorming. J&rsquo;ai r\u00e9alis\u00e9 les illustrations avec Illustrator en m&rsquo;inspirant de l&rsquo;espace dans lequel nous nous trouverons ce jour-l\u00e0 (voir photos <a href=\"http:\/\/www.collaborateforsustainability.org\/paris-23-avril.html\">ici<\/a>).<\/p>\n<p>Plus de d\u00e9tails et inscriptions pour l&rsquo;\u00e9v\u00e9nement sur <a href=\"http:\/\/www.collaborateforsustainability.org\/\" target=\"_blank\">http:\/\/www.collaborateforsustainability.org\/<\/a>.<\/p>\n<p>Dites-moi ce que vous en pensez dans les commentaires ci-dessous.<\/p>\n","protected":false},"excerpt":{"rendered":"<p>Le 23 avril prochain \u00e0 Paris, j&rsquo;organise avec quelques coll\u00e8gues et amis une conf\u00e9rence d&rsquo;une journ\u00e9e sur le th\u00e8me de la \u00ab\u00a0transformation vers la durabilit\u00e9 en intelligence collective\u00a0\u00bb. Cet \u00e9v\u00e9nement&#8230;<\/p>\n","protected":false},"author":1,"featured_media":145,"comment_status":"open","ping_status":"open","sticky":false,"template":"","format":"standard","meta":{"footnotes":""},"categories":[2,150],"tags":[7,17,45,48,69,70,72,74,92],"class_list":{"0":"post-141","1":"post","2":"type-post","3":"status-publish","4":"format-standard","5":"has-post-thumbnail","7":"category-graphic-design-graphisme","8":"category-illustration-3","9":"tag-23-avril","10":"tag-art-of-hosting","11":"tag-developpement-durable","12":"tag-durabilite","13":"tag-illustration","14":"tag-illustrator","15":"tag-imfusio","16":"tag-infographie","17":"tag-paris"},"yoast_head":"<!-- This site is optimized with the Yoast SEO plugin v27.5 - https:\/\/yoast.com\/product\/yoast-seo-wordpress\/ -->\n<title>Infographie: Conf\u00e9rence d\u00e9veloppement durable - am creative ! [fr]<\/title>\n<meta name=\"robots\" content=\"index, follow, max-snippet:-1, max-image-preview:large, max-video-preview:-1\" \/>\n<link rel=\"canonical\" href=\"https:\/\/www.alexandremagnin.com\/main\/fr\/2013\/03\/11\/infographie-conference-developpement-durable\/\" \/>\n<meta property=\"og:locale\" content=\"fr_FR\" \/>\n<meta property=\"og:type\" content=\"article\" \/>\n<meta property=\"og:title\" content=\"Infographie: Conf\u00e9rence d\u00e9veloppement durable - am creative ! [fr]\" \/>\n<meta property=\"og:description\" content=\"Le 23 avril prochain \u00e0 Paris, j&rsquo;organise avec quelques coll\u00e8gues et amis une conf\u00e9rence d&rsquo;une journ\u00e9e sur le th\u00e8me de la \u00ab\u00a0transformation vers la durabilit\u00e9 en intelligence collective\u00a0\u00bb. Cet \u00e9v\u00e9nement...\" \/>\n<meta property=\"og:url\" content=\"https:\/\/www.alexandremagnin.com\/main\/fr\/2013\/03\/11\/infographie-conference-developpement-durable\/\" \/>\n<meta property=\"og:site_name\" content=\"am creative ! [fr]\" \/>\n<meta property=\"article:published_time\" content=\"2013-03-11T16:38:33+00:00\" \/>\n<meta property=\"article:modified_time\" content=\"2014-04-08T16:30:26+00:00\" \/>\n<meta property=\"og:image\" content=\"https:\/\/www.alexandremagnin.com\/main\/fr\/wp-content\/uploads\/sites\/3\/2013\/03\/RegardsCroises-IllustrationInfographie.png\" \/>\n\t<meta property=\"og:image:width\" content=\"781\" \/>\n\t<meta property=\"og:image:height\" content=\"702\" \/>\n\t<meta property=\"og:image:type\" content=\"image\/png\" \/>\n<meta name=\"author\" content=\"Alexandre\" \/>\n<meta name=\"twitter:label1\" content=\"\u00c9crit par\" \/>\n\t<meta name=\"twitter:data1\" content=\"Alexandre\" \/>\n\t<meta name=\"twitter:label2\" content=\"Dur\u00e9e de lecture estim\u00e9e\" \/>\n\t<meta name=\"twitter:data2\" content=\"1 minute\" \/>\n<script type=\"application\/ld+json\" class=\"yoast-schema-graph\">{\"@context\":\"https:\\\/\\\/schema.org\",\"@graph\":[{\"@type\":\"Article\",\"@id\":\"https:\\\/\\\/www.alexandremagnin.com\\\/main\\\/fr\\\/2013\\\/03\\\/11\\\/infographie-conference-developpement-durable\\\/#article\",\"isPartOf\":{\"@id\":\"https:\\\/\\\/www.alexandremagnin.com\\\/main\\\/fr\\\/2013\\\/03\\\/11\\\/infographie-conference-developpement-durable\\\/\"},\"author\":{\"name\":\"Alexandre\",\"@id\":\"https:\\\/\\\/www.alexandremagnin.com\\\/main\\\/fr\\\/#\\\/schema\\\/person\\\/4be7c1c885e74bf754e0aa9abc874767\"},\"headline\":\"Infographie: Conf\u00e9rence d\u00e9veloppement durable\",\"datePublished\":\"2013-03-11T16:38:33+00:00\",\"dateModified\":\"2014-04-08T16:30:26+00:00\",\"mainEntityOfPage\":{\"@id\":\"https:\\\/\\\/www.alexandremagnin.com\\\/main\\\/fr\\\/2013\\\/03\\\/11\\\/infographie-conference-developpement-durable\\\/\"},\"wordCount\":188,\"commentCount\":0,\"image\":{\"@id\":\"https:\\\/\\\/www.alexandremagnin.com\\\/main\\\/fr\\\/2013\\\/03\\\/11\\\/infographie-conference-developpement-durable\\\/#primaryimage\"},\"thumbnailUrl\":\"https:\\\/\\\/www.alexandremagnin.com\\\/main\\\/fr\\\/wp-content\\\/uploads\\\/sites\\\/3\\\/2013\\\/03\\\/RegardsCroises-IllustrationInfographie.png\",\"keywords\":[\"23 avril\",\"art of hosting\",\"d\u00e9veloppement durable\",\"durabilit\u00e9\",\"illustration\",\"illustrator\",\"ImFusio\",\"infographie\",\"paris\"],\"articleSection\":[\"Graphisme\",\"Illustration\"],\"inLanguage\":\"fr-FR\",\"potentialAction\":[{\"@type\":\"CommentAction\",\"name\":\"Comment\",\"target\":[\"https:\\\/\\\/www.alexandremagnin.com\\\/main\\\/fr\\\/2013\\\/03\\\/11\\\/infographie-conference-developpement-durable\\\/#respond\"]}]},{\"@type\":\"WebPage\",\"@id\":\"https:\\\/\\\/www.alexandremagnin.com\\\/main\\\/fr\\\/2013\\\/03\\\/11\\\/infographie-conference-developpement-durable\\\/\",\"url\":\"https:\\\/\\\/www.alexandremagnin.com\\\/main\\\/fr\\\/2013\\\/03\\\/11\\\/infographie-conference-developpement-durable\\\/\",\"name\":\"Infographie: Conf\u00e9rence d\u00e9veloppement durable - am creative ! [fr]\",\"isPartOf\":{\"@id\":\"https:\\\/\\\/www.alexandremagnin.com\\\/main\\\/fr\\\/#website\"},\"primaryImageOfPage\":{\"@id\":\"https:\\\/\\\/www.alexandremagnin.com\\\/main\\\/fr\\\/2013\\\/03\\\/11\\\/infographie-conference-developpement-durable\\\/#primaryimage\"},\"image\":{\"@id\":\"https:\\\/\\\/www.alexandremagnin.com\\\/main\\\/fr\\\/2013\\\/03\\\/11\\\/infographie-conference-developpement-durable\\\/#primaryimage\"},\"thumbnailUrl\":\"https:\\\/\\\/www.alexandremagnin.com\\\/main\\\/fr\\\/wp-content\\\/uploads\\\/sites\\\/3\\\/2013\\\/03\\\/RegardsCroises-IllustrationInfographie.png\",\"datePublished\":\"2013-03-11T16:38:33+00:00\",\"dateModified\":\"2014-04-08T16:30:26+00:00\",\"author\":{\"@id\":\"https:\\\/\\\/www.alexandremagnin.com\\\/main\\\/fr\\\/#\\\/schema\\\/person\\\/4be7c1c885e74bf754e0aa9abc874767\"},\"inLanguage\":\"fr-FR\",\"potentialAction\":[{\"@type\":\"ReadAction\",\"target\":[\"https:\\\/\\\/www.alexandremagnin.com\\\/main\\\/fr\\\/2013\\\/03\\\/11\\\/infographie-conference-developpement-durable\\\/\"]}]},{\"@type\":\"ImageObject\",\"inLanguage\":\"fr-FR\",\"@id\":\"https:\\\/\\\/www.alexandremagnin.com\\\/main\\\/fr\\\/2013\\\/03\\\/11\\\/infographie-conference-developpement-durable\\\/#primaryimage\",\"url\":\"https:\\\/\\\/www.alexandremagnin.com\\\/main\\\/fr\\\/wp-content\\\/uploads\\\/sites\\\/3\\\/2013\\\/03\\\/RegardsCroises-IllustrationInfographie.png\",\"contentUrl\":\"https:\\\/\\\/www.alexandremagnin.com\\\/main\\\/fr\\\/wp-content\\\/uploads\\\/sites\\\/3\\\/2013\\\/03\\\/RegardsCroises-IllustrationInfographie.png\",\"width\":781,\"height\":702,\"caption\":\"Regards crois\u00e9s le 23 avril 2013 \u00e0 Paris - Illustrator\"},{\"@type\":\"WebSite\",\"@id\":\"https:\\\/\\\/www.alexandremagnin.com\\\/main\\\/fr\\\/#website\",\"url\":\"https:\\\/\\\/www.alexandremagnin.com\\\/main\\\/fr\\\/\",\"name\":\"am creative ! [fr]\",\"description\":\"Alexandre Magnin: Illustrer un changement durable\",\"potentialAction\":[{\"@type\":\"SearchAction\",\"target\":{\"@type\":\"EntryPoint\",\"urlTemplate\":\"https:\\\/\\\/www.alexandremagnin.com\\\/main\\\/fr\\\/?s={search_term_string}\"},\"query-input\":{\"@type\":\"PropertyValueSpecification\",\"valueRequired\":true,\"valueName\":\"search_term_string\"}}],\"inLanguage\":\"fr-FR\"},{\"@type\":\"Person\",\"@id\":\"https:\\\/\\\/www.alexandremagnin.com\\\/main\\\/fr\\\/#\\\/schema\\\/person\\\/4be7c1c885e74bf754e0aa9abc874767\",\"name\":\"Alexandre\",\"image\":{\"@type\":\"ImageObject\",\"inLanguage\":\"fr-FR\",\"@id\":\"https:\\\/\\\/secure.gravatar.com\\\/avatar\\\/2c77fe88424223ee844fbe74abf9d616084630610af6fa37e6369579438c625e?s=96&d=mm&r=g\",\"url\":\"https:\\\/\\\/secure.gravatar.com\\\/avatar\\\/2c77fe88424223ee844fbe74abf9d616084630610af6fa37e6369579438c625e?s=96&d=mm&r=g\",\"contentUrl\":\"https:\\\/\\\/secure.gravatar.com\\\/avatar\\\/2c77fe88424223ee844fbe74abf9d616084630610af6fa37e6369579438c625e?s=96&d=mm&r=g\",\"caption\":\"Alexandre\"},\"url\":\"https:\\\/\\\/www.alexandremagnin.com\\\/main\\\/fr\\\/author\\\/alexandre-magningmail-com\\\/\"}]}<\/script>\n<!-- \/ Yoast SEO plugin. -->","yoast_head_json":{"title":"Infographie: Conf\u00e9rence d\u00e9veloppement durable - am creative ! [fr]","robots":{"index":"index","follow":"follow","max-snippet":"max-snippet:-1","max-image-preview":"max-image-preview:large","max-video-preview":"max-video-preview:-1"},"canonical":"https:\/\/www.alexandremagnin.com\/main\/fr\/2013\/03\/11\/infographie-conference-developpement-durable\/","og_locale":"fr_FR","og_type":"article","og_title":"Infographie: Conf\u00e9rence d\u00e9veloppement durable - am creative ! [fr]","og_description":"Le 23 avril prochain \u00e0 Paris, j&rsquo;organise avec quelques coll\u00e8gues et amis une conf\u00e9rence d&rsquo;une journ\u00e9e sur le th\u00e8me de la \u00ab\u00a0transformation vers la durabilit\u00e9 en intelligence collective\u00a0\u00bb. Cet \u00e9v\u00e9nement...","og_url":"https:\/\/www.alexandremagnin.com\/main\/fr\/2013\/03\/11\/infographie-conference-developpement-durable\/","og_site_name":"am creative ! [fr]","article_published_time":"2013-03-11T16:38:33+00:00","article_modified_time":"2014-04-08T16:30:26+00:00","og_image":[{"width":781,"height":702,"url":"https:\/\/www.alexandremagnin.com\/main\/fr\/wp-content\/uploads\/sites\/3\/2013\/03\/RegardsCroises-IllustrationInfographie.png","type":"image\/png"}],"author":"Alexandre","twitter_misc":{"\u00c9crit par":"Alexandre","Dur\u00e9e de lecture estim\u00e9e":"1 minute"},"schema":{"@context":"https:\/\/schema.org","@graph":[{"@type":"Article","@id":"https:\/\/www.alexandremagnin.com\/main\/fr\/2013\/03\/11\/infographie-conference-developpement-durable\/#article","isPartOf":{"@id":"https:\/\/www.alexandremagnin.com\/main\/fr\/2013\/03\/11\/infographie-conference-developpement-durable\/"},"author":{"name":"Alexandre","@id":"https:\/\/www.alexandremagnin.com\/main\/fr\/#\/schema\/person\/4be7c1c885e74bf754e0aa9abc874767"},"headline":"Infographie: Conf\u00e9rence d\u00e9veloppement durable","datePublished":"2013-03-11T16:38:33+00:00","dateModified":"2014-04-08T16:30:26+00:00","mainEntityOfPage":{"@id":"https:\/\/www.alexandremagnin.com\/main\/fr\/2013\/03\/11\/infographie-conference-developpement-durable\/"},"wordCount":188,"commentCount":0,"image":{"@id":"https:\/\/www.alexandremagnin.com\/main\/fr\/2013\/03\/11\/infographie-conference-developpement-durable\/#primaryimage"},"thumbnailUrl":"https:\/\/www.alexandremagnin.com\/main\/fr\/wp-content\/uploads\/sites\/3\/2013\/03\/RegardsCroises-IllustrationInfographie.png","keywords":["23 avril","art of hosting","d\u00e9veloppement durable","durabilit\u00e9","illustration","illustrator","ImFusio","infographie","paris"],"articleSection":["Graphisme","Illustration"],"inLanguage":"fr-FR","potentialAction":[{"@type":"CommentAction","name":"Comment","target":["https:\/\/www.alexandremagnin.com\/main\/fr\/2013\/03\/11\/infographie-conference-developpement-durable\/#respond"]}]},{"@type":"WebPage","@id":"https:\/\/www.alexandremagnin.com\/main\/fr\/2013\/03\/11\/infographie-conference-developpement-durable\/","url":"https:\/\/www.alexandremagnin.com\/main\/fr\/2013\/03\/11\/infographie-conference-developpement-durable\/","name":"Infographie: Conf\u00e9rence d\u00e9veloppement durable - am creative ! [fr]","isPartOf":{"@id":"https:\/\/www.alexandremagnin.com\/main\/fr\/#website"},"primaryImageOfPage":{"@id":"https:\/\/www.alexandremagnin.com\/main\/fr\/2013\/03\/11\/infographie-conference-developpement-durable\/#primaryimage"},"image":{"@id":"https:\/\/www.alexandremagnin.com\/main\/fr\/2013\/03\/11\/infographie-conference-developpement-durable\/#primaryimage"},"thumbnailUrl":"https:\/\/www.alexandremagnin.com\/main\/fr\/wp-content\/uploads\/sites\/3\/2013\/03\/RegardsCroises-IllustrationInfographie.png","datePublished":"2013-03-11T16:38:33+00:00","dateModified":"2014-04-08T16:30:26+00:00","author":{"@id":"https:\/\/www.alexandremagnin.com\/main\/fr\/#\/schema\/person\/4be7c1c885e74bf754e0aa9abc874767"},"inLanguage":"fr-FR","potentialAction":[{"@type":"ReadAction","target":["https:\/\/www.alexandremagnin.com\/main\/fr\/2013\/03\/11\/infographie-conference-developpement-durable\/"]}]},{"@type":"ImageObject","inLanguage":"fr-FR","@id":"https:\/\/www.alexandremagnin.com\/main\/fr\/2013\/03\/11\/infographie-conference-developpement-durable\/#primaryimage","url":"https:\/\/www.alexandremagnin.com\/main\/fr\/wp-content\/uploads\/sites\/3\/2013\/03\/RegardsCroises-IllustrationInfographie.png","contentUrl":"https:\/\/www.alexandremagnin.com\/main\/fr\/wp-content\/uploads\/sites\/3\/2013\/03\/RegardsCroises-IllustrationInfographie.png","width":781,"height":702,"caption":"Regards crois\u00e9s le 23 avril 2013 \u00e0 Paris - Illustrator"},{"@type":"WebSite","@id":"https:\/\/www.alexandremagnin.com\/main\/fr\/#website","url":"https:\/\/www.alexandremagnin.com\/main\/fr\/","name":"am creative ! [fr]","description":"Alexandre Magnin: Illustrer un changement durable","potentialAction":[{"@type":"SearchAction","target":{"@type":"EntryPoint","urlTemplate":"https:\/\/www.alexandremagnin.com\/main\/fr\/?s={search_term_string}"},"query-input":{"@type":"PropertyValueSpecification","valueRequired":true,"valueName":"search_term_string"}}],"inLanguage":"fr-FR"},{"@type":"Person","@id":"https:\/\/www.alexandremagnin.com\/main\/fr\/#\/schema\/person\/4be7c1c885e74bf754e0aa9abc874767","name":"Alexandre","image":{"@type":"ImageObject","inLanguage":"fr-FR","@id":"https:\/\/secure.gravatar.com\/avatar\/2c77fe88424223ee844fbe74abf9d616084630610af6fa37e6369579438c625e?s=96&d=mm&r=g","url":"https:\/\/secure.gravatar.com\/avatar\/2c77fe88424223ee844fbe74abf9d616084630610af6fa37e6369579438c625e?s=96&d=mm&r=g","contentUrl":"https:\/\/secure.gravatar.com\/avatar\/2c77fe88424223ee844fbe74abf9d616084630610af6fa37e6369579438c625e?s=96&d=mm&r=g","caption":"Alexandre"},"url":"https:\/\/www.alexandremagnin.com\/main\/fr\/author\/alexandre-magningmail-com\/"}]}},"_links":{"self":[{"href":"https:\/\/www.alexandremagnin.com\/main\/fr\/wp-json\/wp\/v2\/posts\/141","targetHints":{"allow":["GET"]}}],"collection":[{"href":"https:\/\/www.alexandremagnin.com\/main\/fr\/wp-json\/wp\/v2\/posts"}],"about":[{"href":"https:\/\/www.alexandremagnin.com\/main\/fr\/wp-json\/wp\/v2\/types\/post"}],"author":[{"embeddable":true,"href":"https:\/\/www.alexandremagnin.com\/main\/fr\/wp-json\/wp\/v2\/users\/1"}],"replies":[{"embeddable":true,"href":"https:\/\/www.alexandremagnin.com\/main\/fr\/wp-json\/wp\/v2\/comments?post=141"}],"version-history":[{"count":0,"href":"https:\/\/www.alexandremagnin.com\/main\/fr\/wp-json\/wp\/v2\/posts\/141\/revisions"}],"wp:featuredmedia":[{"embeddable":true,"href":"https:\/\/www.alexandremagnin.com\/main\/fr\/wp-json\/wp\/v2\/media\/145"}],"wp:attachment":[{"href":"https:\/\/www.alexandremagnin.com\/main\/fr\/wp-json\/wp\/v2\/media?parent=141"}],"wp:term":[{"taxonomy":"category","embeddable":true,"href":"https:\/\/www.alexandremagnin.com\/main\/fr\/wp-json\/wp\/v2\/categories?post=141"},{"taxonomy":"post_tag","embeddable":true,"href":"https:\/\/www.alexandremagnin.com\/main\/fr\/wp-json\/wp\/v2\/tags?post=141"}],"curies":[{"name":"wp","href":"https:\/\/api.w.org\/{rel}","templated":true}]}}