{"id":153,"date":"2013-05-24T11:28:52","date_gmt":"2013-05-24T18:28:52","guid":{"rendered":"http:\/\/www.alexandremagnin.com\/mywordpress\/fr\/?p=153"},"modified":"2014-04-08T16:29:10","modified_gmt":"2014-04-08T16:29:10","slug":"logo-cofab-codeveloppement-profesionnel","status":"publish","type":"post","link":"https:\/\/www.alexandremagnin.com\/main\/fr\/2013\/05\/24\/logo-cofab-codeveloppement-profesionnel\/","title":{"rendered":"Logo CoFab: cod\u00e9veloppement professionnel"},"content":{"rendered":"<p>Voici un nouveau logo que j&rsquo;ai r\u00e9alis\u00e9 r\u00e9cemment pour <a title=\"CoFab: cod\u00e9veloppement professionnel\" href=\"http:\/\/www.cofab.fr\/\" target=\"_blank\">CoFab<\/a>, une entreprise de cod\u00e9veloppement professionnel. Invent\u00e9e au Canada voici 15 ans, le cod\u00e9veloppement professionnel est une m\u00e9thode collaborative de r\u00e9solutions de probl\u00e8mes qui s&rsquo;appuie sur le groupe. Elle peut \u00eatre utilis\u00e9e dans les entreprises ou les organisations dans le cadre de la formation professionnelle.<\/p>\n<p>Dans son brief, CoFab voulait un logo s\u00e9rieux avec l&rsquo;humain au c\u0153ur du dispositif. CoFab favorise l&rsquo;\u00e9change entre pairs et vise par ses interventions \u00e0 recr\u00e9er un climat social plus sain chez ses clients.<\/p>\n<p>Apr\u00e8s mes recherches pr\u00e9liminaires sur\u00a0le secteur d&rsquo;activit\u00e9 et la concurrence, j&rsquo;ai d\u00e9cid\u00e9 de cr\u00e9er un logo bas\u00e9 sur le dialogue et la communication entre les personnes. Les espaces n\u00e9gatifs dans le C et O ont la forme de guillemets, symboles de la communication verbale. J&rsquo;ai r\u00e9utilis\u00e9 la m\u00eame forme, en positif cette fois, pour cr\u00e9er des bulles, autre symbole de la communication verbale entre les hommes. Les trois bulles enchev\u00eatr\u00e9es repr\u00e9sentent l&rsquo;<a href=\"http:\/\/fr.wikipedia.org\/wiki\/Intelligence_collective\">intelligence collective<\/a> et la richesse des \u00e9changes qui donnent des r\u00e9sultats qui n&rsquo;auraient pu \u00eatre atteints avec les individus s\u00e9par\u00e9s. La palette de couleurs choisie offre des teintes vives, fraiches et innovantes tout en restant s\u00e9rieuses et fiables gr\u00e2ce au bleu fonc\u00e9. J&rsquo;ai ensuite d\u00e9clin\u00e9 le logo en cartes de visite et papier en-t\u00eate (image ci-contre).<\/p>\n<p>Dites-moi ce que vous en pensez dans les commentaires ci-dessous&#8230;<\/p>\n<p><a href=\"http:\/\/www.alexandremagnin.com\/main\/fr\/wp-content\/uploads\/sites\/3\/2013\/05\/CoFab-Logo-Final.png\"><img loading=\"lazy\" decoding=\"async\" class=\"alignnone size-medium wp-image-884\" alt=\"CoFab-Logo-Final\" src=\"http:\/\/www.alexandremagnin.com\/main\/fr\/wp-content\/uploads\/sites\/3\/2013\/05\/CoFab-Logo-Final-300x77.png\" width=\"300\" height=\"77\" srcset=\"https:\/\/www.alexandremagnin.com\/main\/fr\/wp-content\/uploads\/sites\/3\/2013\/05\/CoFab-Logo-Final-300x77.png 300w, https:\/\/www.alexandremagnin.com\/main\/fr\/wp-content\/uploads\/sites\/3\/2013\/05\/CoFab-Logo-Final-1024x265.png 1024w, https:\/\/www.alexandremagnin.com\/main\/fr\/wp-content\/uploads\/sites\/3\/2013\/05\/CoFab-Logo-Final.png 1710w\" sizes=\"auto, (max-width: 300px) 100vw, 300px\" \/><\/a><\/p>\n","protected":false},"excerpt":{"rendered":"<p>Voici un nouveau logo que j&rsquo;ai r\u00e9alis\u00e9 r\u00e9cemment pour CoFab, une entreprise de cod\u00e9veloppement professionnel. Invent\u00e9e au Canada voici 15 ans, le cod\u00e9veloppement professionnel est une m\u00e9thode collaborative de r\u00e9solutions&#8230;<\/p>\n","protected":false},"author":1,"featured_media":156,"comment_status":"open","ping_status":"open","sticky":false,"template":"","format":"standard","meta":{"footnotes":""},"categories":[2],"tags":[28,30,31,34,41,58,64,76,79,102,110],"class_list":{"0":"post-153","1":"post","2":"type-post","3":"status-publish","4":"format-standard","5":"has-post-thumbnail","7":"category-graphic-design-graphisme","8":"tag-codeveloppement","9":"tag-cofab","10":"tag-collective","11":"tag-corinne","12":"tag-design","13":"tag-formation","14":"tag-groupe","15":"tag-intelligence","16":"tag-logo","17":"tag-professionnel","18":"tag-savignac"},"yoast_head":"<!-- This site is optimized with the Yoast SEO plugin v27.5 - https:\/\/yoast.com\/product\/yoast-seo-wordpress\/ -->\n<title>Logo CoFab: cod\u00e9veloppement professionnel - am creative ! [fr]<\/title>\n<meta name=\"robots\" content=\"index, follow, max-snippet:-1, max-image-preview:large, max-video-preview:-1\" \/>\n<link rel=\"canonical\" href=\"https:\/\/www.alexandremagnin.com\/main\/fr\/2013\/05\/24\/logo-cofab-codeveloppement-profesionnel\/\" \/>\n<meta property=\"og:locale\" content=\"fr_FR\" \/>\n<meta property=\"og:type\" content=\"article\" \/>\n<meta property=\"og:title\" content=\"Logo CoFab: cod\u00e9veloppement professionnel - am creative ! [fr]\" \/>\n<meta property=\"og:description\" content=\"Voici un nouveau logo que j&rsquo;ai r\u00e9alis\u00e9 r\u00e9cemment pour CoFab, une entreprise de cod\u00e9veloppement professionnel. Invent\u00e9e au Canada voici 15 ans, le cod\u00e9veloppement professionnel est une m\u00e9thode collaborative de r\u00e9solutions...\" \/>\n<meta property=\"og:url\" content=\"https:\/\/www.alexandremagnin.com\/main\/fr\/2013\/05\/24\/logo-cofab-codeveloppement-profesionnel\/\" \/>\n<meta property=\"og:site_name\" content=\"am creative ! [fr]\" \/>\n<meta property=\"article:published_time\" content=\"2013-05-24T18:28:52+00:00\" \/>\n<meta property=\"article:modified_time\" content=\"2014-04-08T16:29:10+00:00\" \/>\n<meta property=\"og:image\" content=\"https:\/\/www.alexandremagnin.com\/main\/fr\/wp-content\/uploads\/sites\/3\/2013\/05\/StationeryCoFab-Final.jpg\" \/>\n\t<meta property=\"og:image:width\" content=\"1500\" \/>\n\t<meta property=\"og:image:height\" content=\"830\" \/>\n\t<meta property=\"og:image:type\" content=\"image\/jpeg\" \/>\n<meta name=\"author\" content=\"Alexandre\" \/>\n<meta name=\"twitter:label1\" content=\"\u00c9crit par\" \/>\n\t<meta name=\"twitter:data1\" content=\"Alexandre\" \/>\n\t<meta name=\"twitter:label2\" content=\"Dur\u00e9e de lecture estim\u00e9e\" \/>\n\t<meta name=\"twitter:data2\" content=\"1 minute\" \/>\n<script type=\"application\/ld+json\" class=\"yoast-schema-graph\">{\"@context\":\"https:\\\/\\\/schema.org\",\"@graph\":[{\"@type\":\"Article\",\"@id\":\"https:\\\/\\\/www.alexandremagnin.com\\\/main\\\/fr\\\/2013\\\/05\\\/24\\\/logo-cofab-codeveloppement-profesionnel\\\/#article\",\"isPartOf\":{\"@id\":\"https:\\\/\\\/www.alexandremagnin.com\\\/main\\\/fr\\\/2013\\\/05\\\/24\\\/logo-cofab-codeveloppement-profesionnel\\\/\"},\"author\":{\"name\":\"Alexandre\",\"@id\":\"https:\\\/\\\/www.alexandremagnin.com\\\/main\\\/fr\\\/#\\\/schema\\\/person\\\/4be7c1c885e74bf754e0aa9abc874767\"},\"headline\":\"Logo CoFab: cod\u00e9veloppement professionnel\",\"datePublished\":\"2013-05-24T18:28:52+00:00\",\"dateModified\":\"2014-04-08T16:29:10+00:00\",\"mainEntityOfPage\":{\"@id\":\"https:\\\/\\\/www.alexandremagnin.com\\\/main\\\/fr\\\/2013\\\/05\\\/24\\\/logo-cofab-codeveloppement-profesionnel\\\/\"},\"wordCount\":269,\"commentCount\":1,\"image\":{\"@id\":\"https:\\\/\\\/www.alexandremagnin.com\\\/main\\\/fr\\\/2013\\\/05\\\/24\\\/logo-cofab-codeveloppement-profesionnel\\\/#primaryimage\"},\"thumbnailUrl\":\"https:\\\/\\\/www.alexandremagnin.com\\\/main\\\/fr\\\/wp-content\\\/uploads\\\/sites\\\/3\\\/2013\\\/05\\\/StationeryCoFab-Final.jpg\",\"keywords\":[\"cod\u00e9veloppement\",\"cofab\",\"collective\",\"corinne\",\"design\",\"formation\",\"groupe\",\"intelligence\",\"logo\",\"professionnel\",\"savignac\"],\"articleSection\":[\"Graphisme\"],\"inLanguage\":\"fr-FR\",\"potentialAction\":[{\"@type\":\"CommentAction\",\"name\":\"Comment\",\"target\":[\"https:\\\/\\\/www.alexandremagnin.com\\\/main\\\/fr\\\/2013\\\/05\\\/24\\\/logo-cofab-codeveloppement-profesionnel\\\/#respond\"]}]},{\"@type\":\"WebPage\",\"@id\":\"https:\\\/\\\/www.alexandremagnin.com\\\/main\\\/fr\\\/2013\\\/05\\\/24\\\/logo-cofab-codeveloppement-profesionnel\\\/\",\"url\":\"https:\\\/\\\/www.alexandremagnin.com\\\/main\\\/fr\\\/2013\\\/05\\\/24\\\/logo-cofab-codeveloppement-profesionnel\\\/\",\"name\":\"Logo CoFab: cod\u00e9veloppement professionnel - am creative ! [fr]\",\"isPartOf\":{\"@id\":\"https:\\\/\\\/www.alexandremagnin.com\\\/main\\\/fr\\\/#website\"},\"primaryImageOfPage\":{\"@id\":\"https:\\\/\\\/www.alexandremagnin.com\\\/main\\\/fr\\\/2013\\\/05\\\/24\\\/logo-cofab-codeveloppement-profesionnel\\\/#primaryimage\"},\"image\":{\"@id\":\"https:\\\/\\\/www.alexandremagnin.com\\\/main\\\/fr\\\/2013\\\/05\\\/24\\\/logo-cofab-codeveloppement-profesionnel\\\/#primaryimage\"},\"thumbnailUrl\":\"https:\\\/\\\/www.alexandremagnin.com\\\/main\\\/fr\\\/wp-content\\\/uploads\\\/sites\\\/3\\\/2013\\\/05\\\/StationeryCoFab-Final.jpg\",\"datePublished\":\"2013-05-24T18:28:52+00:00\",\"dateModified\":\"2014-04-08T16:29:10+00:00\",\"author\":{\"@id\":\"https:\\\/\\\/www.alexandremagnin.com\\\/main\\\/fr\\\/#\\\/schema\\\/person\\\/4be7c1c885e74bf754e0aa9abc874767\"},\"inLanguage\":\"fr-FR\",\"potentialAction\":[{\"@type\":\"ReadAction\",\"target\":[\"https:\\\/\\\/www.alexandremagnin.com\\\/main\\\/fr\\\/2013\\\/05\\\/24\\\/logo-cofab-codeveloppement-profesionnel\\\/\"]}]},{\"@type\":\"ImageObject\",\"inLanguage\":\"fr-FR\",\"@id\":\"https:\\\/\\\/www.alexandremagnin.com\\\/main\\\/fr\\\/2013\\\/05\\\/24\\\/logo-cofab-codeveloppement-profesionnel\\\/#primaryimage\",\"url\":\"https:\\\/\\\/www.alexandremagnin.com\\\/main\\\/fr\\\/wp-content\\\/uploads\\\/sites\\\/3\\\/2013\\\/05\\\/StationeryCoFab-Final.jpg\",\"contentUrl\":\"https:\\\/\\\/www.alexandremagnin.com\\\/main\\\/fr\\\/wp-content\\\/uploads\\\/sites\\\/3\\\/2013\\\/05\\\/StationeryCoFab-Final.jpg\",\"width\":1500,\"height\":830},{\"@type\":\"WebSite\",\"@id\":\"https:\\\/\\\/www.alexandremagnin.com\\\/main\\\/fr\\\/#website\",\"url\":\"https:\\\/\\\/www.alexandremagnin.com\\\/main\\\/fr\\\/\",\"name\":\"am creative ! [fr]\",\"description\":\"Alexandre Magnin: Illustrer un changement durable\",\"potentialAction\":[{\"@type\":\"SearchAction\",\"target\":{\"@type\":\"EntryPoint\",\"urlTemplate\":\"https:\\\/\\\/www.alexandremagnin.com\\\/main\\\/fr\\\/?s={search_term_string}\"},\"query-input\":{\"@type\":\"PropertyValueSpecification\",\"valueRequired\":true,\"valueName\":\"search_term_string\"}}],\"inLanguage\":\"fr-FR\"},{\"@type\":\"Person\",\"@id\":\"https:\\\/\\\/www.alexandremagnin.com\\\/main\\\/fr\\\/#\\\/schema\\\/person\\\/4be7c1c885e74bf754e0aa9abc874767\",\"name\":\"Alexandre\",\"image\":{\"@type\":\"ImageObject\",\"inLanguage\":\"fr-FR\",\"@id\":\"https:\\\/\\\/secure.gravatar.com\\\/avatar\\\/2c77fe88424223ee844fbe74abf9d616084630610af6fa37e6369579438c625e?s=96&d=mm&r=g\",\"url\":\"https:\\\/\\\/secure.gravatar.com\\\/avatar\\\/2c77fe88424223ee844fbe74abf9d616084630610af6fa37e6369579438c625e?s=96&d=mm&r=g\",\"contentUrl\":\"https:\\\/\\\/secure.gravatar.com\\\/avatar\\\/2c77fe88424223ee844fbe74abf9d616084630610af6fa37e6369579438c625e?s=96&d=mm&r=g\",\"caption\":\"Alexandre\"},\"url\":\"https:\\\/\\\/www.alexandremagnin.com\\\/main\\\/fr\\\/author\\\/alexandre-magningmail-com\\\/\"}]}<\/script>\n<!-- \/ Yoast SEO plugin. -->","yoast_head_json":{"title":"Logo CoFab: cod\u00e9veloppement professionnel - am creative ! [fr]","robots":{"index":"index","follow":"follow","max-snippet":"max-snippet:-1","max-image-preview":"max-image-preview:large","max-video-preview":"max-video-preview:-1"},"canonical":"https:\/\/www.alexandremagnin.com\/main\/fr\/2013\/05\/24\/logo-cofab-codeveloppement-profesionnel\/","og_locale":"fr_FR","og_type":"article","og_title":"Logo CoFab: cod\u00e9veloppement professionnel - am creative ! [fr]","og_description":"Voici un nouveau logo que j&rsquo;ai r\u00e9alis\u00e9 r\u00e9cemment pour CoFab, une entreprise de cod\u00e9veloppement professionnel. Invent\u00e9e au Canada voici 15 ans, le cod\u00e9veloppement professionnel est une m\u00e9thode collaborative de r\u00e9solutions...","og_url":"https:\/\/www.alexandremagnin.com\/main\/fr\/2013\/05\/24\/logo-cofab-codeveloppement-profesionnel\/","og_site_name":"am creative ! [fr]","article_published_time":"2013-05-24T18:28:52+00:00","article_modified_time":"2014-04-08T16:29:10+00:00","og_image":[{"width":1500,"height":830,"url":"https:\/\/www.alexandremagnin.com\/main\/fr\/wp-content\/uploads\/sites\/3\/2013\/05\/StationeryCoFab-Final.jpg","type":"image\/jpeg"}],"author":"Alexandre","twitter_misc":{"\u00c9crit par":"Alexandre","Dur\u00e9e de lecture estim\u00e9e":"1 minute"},"schema":{"@context":"https:\/\/schema.org","@graph":[{"@type":"Article","@id":"https:\/\/www.alexandremagnin.com\/main\/fr\/2013\/05\/24\/logo-cofab-codeveloppement-profesionnel\/#article","isPartOf":{"@id":"https:\/\/www.alexandremagnin.com\/main\/fr\/2013\/05\/24\/logo-cofab-codeveloppement-profesionnel\/"},"author":{"name":"Alexandre","@id":"https:\/\/www.alexandremagnin.com\/main\/fr\/#\/schema\/person\/4be7c1c885e74bf754e0aa9abc874767"},"headline":"Logo CoFab: cod\u00e9veloppement professionnel","datePublished":"2013-05-24T18:28:52+00:00","dateModified":"2014-04-08T16:29:10+00:00","mainEntityOfPage":{"@id":"https:\/\/www.alexandremagnin.com\/main\/fr\/2013\/05\/24\/logo-cofab-codeveloppement-profesionnel\/"},"wordCount":269,"commentCount":1,"image":{"@id":"https:\/\/www.alexandremagnin.com\/main\/fr\/2013\/05\/24\/logo-cofab-codeveloppement-profesionnel\/#primaryimage"},"thumbnailUrl":"https:\/\/www.alexandremagnin.com\/main\/fr\/wp-content\/uploads\/sites\/3\/2013\/05\/StationeryCoFab-Final.jpg","keywords":["cod\u00e9veloppement","cofab","collective","corinne","design","formation","groupe","intelligence","logo","professionnel","savignac"],"articleSection":["Graphisme"],"inLanguage":"fr-FR","potentialAction":[{"@type":"CommentAction","name":"Comment","target":["https:\/\/www.alexandremagnin.com\/main\/fr\/2013\/05\/24\/logo-cofab-codeveloppement-profesionnel\/#respond"]}]},{"@type":"WebPage","@id":"https:\/\/www.alexandremagnin.com\/main\/fr\/2013\/05\/24\/logo-cofab-codeveloppement-profesionnel\/","url":"https:\/\/www.alexandremagnin.com\/main\/fr\/2013\/05\/24\/logo-cofab-codeveloppement-profesionnel\/","name":"Logo CoFab: cod\u00e9veloppement professionnel - am creative ! [fr]","isPartOf":{"@id":"https:\/\/www.alexandremagnin.com\/main\/fr\/#website"},"primaryImageOfPage":{"@id":"https:\/\/www.alexandremagnin.com\/main\/fr\/2013\/05\/24\/logo-cofab-codeveloppement-profesionnel\/#primaryimage"},"image":{"@id":"https:\/\/www.alexandremagnin.com\/main\/fr\/2013\/05\/24\/logo-cofab-codeveloppement-profesionnel\/#primaryimage"},"thumbnailUrl":"https:\/\/www.alexandremagnin.com\/main\/fr\/wp-content\/uploads\/sites\/3\/2013\/05\/StationeryCoFab-Final.jpg","datePublished":"2013-05-24T18:28:52+00:00","dateModified":"2014-04-08T16:29:10+00:00","author":{"@id":"https:\/\/www.alexandremagnin.com\/main\/fr\/#\/schema\/person\/4be7c1c885e74bf754e0aa9abc874767"},"inLanguage":"fr-FR","potentialAction":[{"@type":"ReadAction","target":["https:\/\/www.alexandremagnin.com\/main\/fr\/2013\/05\/24\/logo-cofab-codeveloppement-profesionnel\/"]}]},{"@type":"ImageObject","inLanguage":"fr-FR","@id":"https:\/\/www.alexandremagnin.com\/main\/fr\/2013\/05\/24\/logo-cofab-codeveloppement-profesionnel\/#primaryimage","url":"https:\/\/www.alexandremagnin.com\/main\/fr\/wp-content\/uploads\/sites\/3\/2013\/05\/StationeryCoFab-Final.jpg","contentUrl":"https:\/\/www.alexandremagnin.com\/main\/fr\/wp-content\/uploads\/sites\/3\/2013\/05\/StationeryCoFab-Final.jpg","width":1500,"height":830},{"@type":"WebSite","@id":"https:\/\/www.alexandremagnin.com\/main\/fr\/#website","url":"https:\/\/www.alexandremagnin.com\/main\/fr\/","name":"am creative ! [fr]","description":"Alexandre Magnin: Illustrer un changement durable","potentialAction":[{"@type":"SearchAction","target":{"@type":"EntryPoint","urlTemplate":"https:\/\/www.alexandremagnin.com\/main\/fr\/?s={search_term_string}"},"query-input":{"@type":"PropertyValueSpecification","valueRequired":true,"valueName":"search_term_string"}}],"inLanguage":"fr-FR"},{"@type":"Person","@id":"https:\/\/www.alexandremagnin.com\/main\/fr\/#\/schema\/person\/4be7c1c885e74bf754e0aa9abc874767","name":"Alexandre","image":{"@type":"ImageObject","inLanguage":"fr-FR","@id":"https:\/\/secure.gravatar.com\/avatar\/2c77fe88424223ee844fbe74abf9d616084630610af6fa37e6369579438c625e?s=96&d=mm&r=g","url":"https:\/\/secure.gravatar.com\/avatar\/2c77fe88424223ee844fbe74abf9d616084630610af6fa37e6369579438c625e?s=96&d=mm&r=g","contentUrl":"https:\/\/secure.gravatar.com\/avatar\/2c77fe88424223ee844fbe74abf9d616084630610af6fa37e6369579438c625e?s=96&d=mm&r=g","caption":"Alexandre"},"url":"https:\/\/www.alexandremagnin.com\/main\/fr\/author\/alexandre-magningmail-com\/"}]}},"_links":{"self":[{"href":"https:\/\/www.alexandremagnin.com\/main\/fr\/wp-json\/wp\/v2\/posts\/153","targetHints":{"allow":["GET"]}}],"collection":[{"href":"https:\/\/www.alexandremagnin.com\/main\/fr\/wp-json\/wp\/v2\/posts"}],"about":[{"href":"https:\/\/www.alexandremagnin.com\/main\/fr\/wp-json\/wp\/v2\/types\/post"}],"author":[{"embeddable":true,"href":"https:\/\/www.alexandremagnin.com\/main\/fr\/wp-json\/wp\/v2\/users\/1"}],"replies":[{"embeddable":true,"href":"https:\/\/www.alexandremagnin.com\/main\/fr\/wp-json\/wp\/v2\/comments?post=153"}],"version-history":[{"count":0,"href":"https:\/\/www.alexandremagnin.com\/main\/fr\/wp-json\/wp\/v2\/posts\/153\/revisions"}],"wp:featuredmedia":[{"embeddable":true,"href":"https:\/\/www.alexandremagnin.com\/main\/fr\/wp-json\/wp\/v2\/media\/156"}],"wp:attachment":[{"href":"https:\/\/www.alexandremagnin.com\/main\/fr\/wp-json\/wp\/v2\/media?parent=153"}],"wp:term":[{"taxonomy":"category","embeddable":true,"href":"https:\/\/www.alexandremagnin.com\/main\/fr\/wp-json\/wp\/v2\/categories?post=153"},{"taxonomy":"post_tag","embeddable":true,"href":"https:\/\/www.alexandremagnin.com\/main\/fr\/wp-json\/wp\/v2\/tags?post=153"}],"curies":[{"name":"wp","href":"https:\/\/api.w.org\/{rel}","templated":true}]}}