{"id":166,"date":"2013-06-26T12:48:53","date_gmt":"2013-06-26T19:48:53","guid":{"rendered":"http:\/\/www.alexandremagnin.com\/mywordpress\/fr\/?p=166"},"modified":"2014-04-08T16:27:24","modified_gmt":"2014-04-08T16:27:24","slug":"icones-et-recyclage-de-tissus","status":"publish","type":"post","link":"https:\/\/www.alexandremagnin.com\/main\/fr\/2013\/06\/26\/icones-et-recyclage-de-tissus\/","title":{"rendered":"Ic\u00f4nes et recyclage de tissus"},"content":{"rendered":"<p>La semaine derni\u00e8re, j&rsquo;ai \u00e9t\u00e9 contact\u00e9 par <a href=\"http:\/\/www.ecoequitable.ca\/index_fr.html\" target=\"_blank\">EcoEquitable<\/a> pour r\u00e9aliser des ic\u00f4nes pour leurs objectifs strat\u00e9giques. EcoEquitable est un organisme caritatif bas\u00e9 \u00e0 Ottawa, Ontario, dont la mission consiste \u00e0 permettre aux travailleurs immigrants et aux femmes sous-employ\u00e9es de devenir financi\u00e8rement ind\u00e9pendants tout en r\u00e9duisant la quantit\u00e9 de d\u00e9chets dangereux dans notre soci\u00e9t\u00e9. Concr\u00eatement, ils utilisent des tissus recycl\u00e9s pour cr\u00e9er des sacs tout en formant les immigrants \u00e0 la couture.<\/p>\n<p>J&rsquo;ai d\u00e9cid\u00e9 de travailler avec une texture de type tissu en lin assez grossier et rustique pour sugg\u00e9rer l&rsquo;activit\u00e9 de l&rsquo;organisme. Les ic\u00f4nes ont \u00e9t\u00e9 dessin\u00e9es en utilisant les 2 couleurs de bases d&rsquo;EcoEquitable (vert et bleu) avec un effet de lumi\u00e8re donnant un c\u00f4t\u00e9 m\u00e9tallique comme si l&rsquo;ic\u00f4ne \u00e9tait un bouton fix\u00e9 sur le tissu. Ils ont \u00e9t\u00e9 tr\u00e8s satisfaits du r\u00e9sultat et le projet n&rsquo;a pris que deux jours en tout. Les objectifs strat\u00e9giques et leurs ic\u00f4nes ont \u00e9t\u00e9 pr\u00e9sent\u00e9es au conseil d&rsquo;administration dans les jours suivants.<\/p>\n<p>Dites-moi ce que vous en pensez dans les commentaires ci-dessous&#8230;<\/p>\n","protected":false},"excerpt":{"rendered":"<p>La semaine derni\u00e8re, j&rsquo;ai \u00e9t\u00e9 contact\u00e9 par EcoEquitable pour r\u00e9aliser des ic\u00f4nes pour leurs objectifs strat\u00e9giques. EcoEquitable est un organisme caritatif bas\u00e9 \u00e0 Ottawa, Ontario, dont la mission consiste \u00e0&#8230;<\/p>\n","protected":false},"author":1,"featured_media":183,"comment_status":"open","ping_status":"open","sticky":false,"template":"","format":"standard","meta":{"footnotes":""},"categories":[2],"tags":[36,49,51,62,67,69,73,104,121],"class_list":{"0":"post-166","1":"post","2":"type-post","3":"status-publish","4":"format-standard","5":"has-post-thumbnail","7":"category-graphic-design-graphisme","8":"tag-couture","9":"tag-durable","10":"tag-ecoequitable","11":"tag-graphisme-2","12":"tag-icones","13":"tag-illustration","14":"tag-immigrant","15":"tag-recycler","16":"tag-tissu"},"yoast_head":"<!-- This site is optimized with the Yoast SEO plugin v27.5 - https:\/\/yoast.com\/product\/yoast-seo-wordpress\/ -->\n<title>Ic\u00f4nes et recyclage de tissus - am creative ! [fr]<\/title>\n<meta name=\"robots\" content=\"index, follow, max-snippet:-1, max-image-preview:large, max-video-preview:-1\" \/>\n<link rel=\"canonical\" href=\"https:\/\/www.alexandremagnin.com\/main\/fr\/2013\/06\/26\/icones-et-recyclage-de-tissus\/\" \/>\n<meta property=\"og:locale\" content=\"fr_FR\" \/>\n<meta property=\"og:type\" content=\"article\" \/>\n<meta property=\"og:title\" content=\"Ic\u00f4nes et recyclage de tissus - am creative ! [fr]\" \/>\n<meta property=\"og:description\" content=\"La semaine derni\u00e8re, j&rsquo;ai \u00e9t\u00e9 contact\u00e9 par EcoEquitable pour r\u00e9aliser des ic\u00f4nes pour leurs objectifs strat\u00e9giques. EcoEquitable est un organisme caritatif bas\u00e9 \u00e0 Ottawa, Ontario, dont la mission consiste \u00e0...\" \/>\n<meta property=\"og:url\" content=\"https:\/\/www.alexandremagnin.com\/main\/fr\/2013\/06\/26\/icones-et-recyclage-de-tissus\/\" \/>\n<meta property=\"og:site_name\" content=\"am creative ! [fr]\" \/>\n<meta property=\"article:published_time\" content=\"2013-06-26T19:48:53+00:00\" \/>\n<meta property=\"article:modified_time\" content=\"2014-04-08T16:27:24+00:00\" \/>\n<meta property=\"og:image\" content=\"https:\/\/www.alexandremagnin.com\/main\/fr\/wp-content\/uploads\/sites\/3\/2013\/06\/IconsEcoEquitable-StrategicGoals.png\" \/>\n\t<meta property=\"og:image:width\" content=\"569\" \/>\n\t<meta property=\"og:image:height\" content=\"568\" \/>\n\t<meta property=\"og:image:type\" content=\"image\/png\" \/>\n<meta name=\"author\" content=\"Alexandre\" \/>\n<meta name=\"twitter:label1\" content=\"\u00c9crit par\" \/>\n\t<meta name=\"twitter:data1\" content=\"Alexandre\" \/>\n\t<meta name=\"twitter:label2\" content=\"Dur\u00e9e de lecture estim\u00e9e\" \/>\n\t<meta name=\"twitter:data2\" content=\"1 minute\" \/>\n<script type=\"application\/ld+json\" class=\"yoast-schema-graph\">{\"@context\":\"https:\\\/\\\/schema.org\",\"@graph\":[{\"@type\":\"Article\",\"@id\":\"https:\\\/\\\/www.alexandremagnin.com\\\/main\\\/fr\\\/2013\\\/06\\\/26\\\/icones-et-recyclage-de-tissus\\\/#article\",\"isPartOf\":{\"@id\":\"https:\\\/\\\/www.alexandremagnin.com\\\/main\\\/fr\\\/2013\\\/06\\\/26\\\/icones-et-recyclage-de-tissus\\\/\"},\"author\":{\"name\":\"Alexandre\",\"@id\":\"https:\\\/\\\/www.alexandremagnin.com\\\/main\\\/fr\\\/#\\\/schema\\\/person\\\/4be7c1c885e74bf754e0aa9abc874767\"},\"headline\":\"Ic\u00f4nes et recyclage de tissus\",\"datePublished\":\"2013-06-26T19:48:53+00:00\",\"dateModified\":\"2014-04-08T16:27:24+00:00\",\"mainEntityOfPage\":{\"@id\":\"https:\\\/\\\/www.alexandremagnin.com\\\/main\\\/fr\\\/2013\\\/06\\\/26\\\/icones-et-recyclage-de-tissus\\\/\"},\"wordCount\":207,\"commentCount\":0,\"image\":{\"@id\":\"https:\\\/\\\/www.alexandremagnin.com\\\/main\\\/fr\\\/2013\\\/06\\\/26\\\/icones-et-recyclage-de-tissus\\\/#primaryimage\"},\"thumbnailUrl\":\"https:\\\/\\\/www.alexandremagnin.com\\\/main\\\/fr\\\/wp-content\\\/uploads\\\/sites\\\/3\\\/2013\\\/06\\\/IconsEcoEquitable-StrategicGoals.png\",\"keywords\":[\"couture\",\"durable\",\"ecoequitable\",\"graphisme\",\"ic\u00f4nes\",\"illustration\",\"immigrant\",\"recycler\",\"tissu\"],\"articleSection\":[\"Graphisme\"],\"inLanguage\":\"fr-FR\",\"potentialAction\":[{\"@type\":\"CommentAction\",\"name\":\"Comment\",\"target\":[\"https:\\\/\\\/www.alexandremagnin.com\\\/main\\\/fr\\\/2013\\\/06\\\/26\\\/icones-et-recyclage-de-tissus\\\/#respond\"]}]},{\"@type\":\"WebPage\",\"@id\":\"https:\\\/\\\/www.alexandremagnin.com\\\/main\\\/fr\\\/2013\\\/06\\\/26\\\/icones-et-recyclage-de-tissus\\\/\",\"url\":\"https:\\\/\\\/www.alexandremagnin.com\\\/main\\\/fr\\\/2013\\\/06\\\/26\\\/icones-et-recyclage-de-tissus\\\/\",\"name\":\"Ic\u00f4nes et recyclage de tissus - am creative ! [fr]\",\"isPartOf\":{\"@id\":\"https:\\\/\\\/www.alexandremagnin.com\\\/main\\\/fr\\\/#website\"},\"primaryImageOfPage\":{\"@id\":\"https:\\\/\\\/www.alexandremagnin.com\\\/main\\\/fr\\\/2013\\\/06\\\/26\\\/icones-et-recyclage-de-tissus\\\/#primaryimage\"},\"image\":{\"@id\":\"https:\\\/\\\/www.alexandremagnin.com\\\/main\\\/fr\\\/2013\\\/06\\\/26\\\/icones-et-recyclage-de-tissus\\\/#primaryimage\"},\"thumbnailUrl\":\"https:\\\/\\\/www.alexandremagnin.com\\\/main\\\/fr\\\/wp-content\\\/uploads\\\/sites\\\/3\\\/2013\\\/06\\\/IconsEcoEquitable-StrategicGoals.png\",\"datePublished\":\"2013-06-26T19:48:53+00:00\",\"dateModified\":\"2014-04-08T16:27:24+00:00\",\"author\":{\"@id\":\"https:\\\/\\\/www.alexandremagnin.com\\\/main\\\/fr\\\/#\\\/schema\\\/person\\\/4be7c1c885e74bf754e0aa9abc874767\"},\"inLanguage\":\"fr-FR\",\"potentialAction\":[{\"@type\":\"ReadAction\",\"target\":[\"https:\\\/\\\/www.alexandremagnin.com\\\/main\\\/fr\\\/2013\\\/06\\\/26\\\/icones-et-recyclage-de-tissus\\\/\"]}]},{\"@type\":\"ImageObject\",\"inLanguage\":\"fr-FR\",\"@id\":\"https:\\\/\\\/www.alexandremagnin.com\\\/main\\\/fr\\\/2013\\\/06\\\/26\\\/icones-et-recyclage-de-tissus\\\/#primaryimage\",\"url\":\"https:\\\/\\\/www.alexandremagnin.com\\\/main\\\/fr\\\/wp-content\\\/uploads\\\/sites\\\/3\\\/2013\\\/06\\\/IconsEcoEquitable-StrategicGoals.png\",\"contentUrl\":\"https:\\\/\\\/www.alexandremagnin.com\\\/main\\\/fr\\\/wp-content\\\/uploads\\\/sites\\\/3\\\/2013\\\/06\\\/IconsEcoEquitable-StrategicGoals.png\",\"width\":569,\"height\":568},{\"@type\":\"WebSite\",\"@id\":\"https:\\\/\\\/www.alexandremagnin.com\\\/main\\\/fr\\\/#website\",\"url\":\"https:\\\/\\\/www.alexandremagnin.com\\\/main\\\/fr\\\/\",\"name\":\"am creative ! [fr]\",\"description\":\"Alexandre Magnin: Illustrer un changement durable\",\"potentialAction\":[{\"@type\":\"SearchAction\",\"target\":{\"@type\":\"EntryPoint\",\"urlTemplate\":\"https:\\\/\\\/www.alexandremagnin.com\\\/main\\\/fr\\\/?s={search_term_string}\"},\"query-input\":{\"@type\":\"PropertyValueSpecification\",\"valueRequired\":true,\"valueName\":\"search_term_string\"}}],\"inLanguage\":\"fr-FR\"},{\"@type\":\"Person\",\"@id\":\"https:\\\/\\\/www.alexandremagnin.com\\\/main\\\/fr\\\/#\\\/schema\\\/person\\\/4be7c1c885e74bf754e0aa9abc874767\",\"name\":\"Alexandre\",\"image\":{\"@type\":\"ImageObject\",\"inLanguage\":\"fr-FR\",\"@id\":\"https:\\\/\\\/secure.gravatar.com\\\/avatar\\\/2c77fe88424223ee844fbe74abf9d616084630610af6fa37e6369579438c625e?s=96&d=mm&r=g\",\"url\":\"https:\\\/\\\/secure.gravatar.com\\\/avatar\\\/2c77fe88424223ee844fbe74abf9d616084630610af6fa37e6369579438c625e?s=96&d=mm&r=g\",\"contentUrl\":\"https:\\\/\\\/secure.gravatar.com\\\/avatar\\\/2c77fe88424223ee844fbe74abf9d616084630610af6fa37e6369579438c625e?s=96&d=mm&r=g\",\"caption\":\"Alexandre\"},\"url\":\"https:\\\/\\\/www.alexandremagnin.com\\\/main\\\/fr\\\/author\\\/alexandre-magningmail-com\\\/\"}]}<\/script>\n<!-- \/ Yoast SEO plugin. -->","yoast_head_json":{"title":"Ic\u00f4nes et recyclage de tissus - am creative ! [fr]","robots":{"index":"index","follow":"follow","max-snippet":"max-snippet:-1","max-image-preview":"max-image-preview:large","max-video-preview":"max-video-preview:-1"},"canonical":"https:\/\/www.alexandremagnin.com\/main\/fr\/2013\/06\/26\/icones-et-recyclage-de-tissus\/","og_locale":"fr_FR","og_type":"article","og_title":"Ic\u00f4nes et recyclage de tissus - am creative ! [fr]","og_description":"La semaine derni\u00e8re, j&rsquo;ai \u00e9t\u00e9 contact\u00e9 par EcoEquitable pour r\u00e9aliser des ic\u00f4nes pour leurs objectifs strat\u00e9giques. EcoEquitable est un organisme caritatif bas\u00e9 \u00e0 Ottawa, Ontario, dont la mission consiste \u00e0...","og_url":"https:\/\/www.alexandremagnin.com\/main\/fr\/2013\/06\/26\/icones-et-recyclage-de-tissus\/","og_site_name":"am creative ! [fr]","article_published_time":"2013-06-26T19:48:53+00:00","article_modified_time":"2014-04-08T16:27:24+00:00","og_image":[{"width":569,"height":568,"url":"https:\/\/www.alexandremagnin.com\/main\/fr\/wp-content\/uploads\/sites\/3\/2013\/06\/IconsEcoEquitable-StrategicGoals.png","type":"image\/png"}],"author":"Alexandre","twitter_misc":{"\u00c9crit par":"Alexandre","Dur\u00e9e de lecture estim\u00e9e":"1 minute"},"schema":{"@context":"https:\/\/schema.org","@graph":[{"@type":"Article","@id":"https:\/\/www.alexandremagnin.com\/main\/fr\/2013\/06\/26\/icones-et-recyclage-de-tissus\/#article","isPartOf":{"@id":"https:\/\/www.alexandremagnin.com\/main\/fr\/2013\/06\/26\/icones-et-recyclage-de-tissus\/"},"author":{"name":"Alexandre","@id":"https:\/\/www.alexandremagnin.com\/main\/fr\/#\/schema\/person\/4be7c1c885e74bf754e0aa9abc874767"},"headline":"Ic\u00f4nes et recyclage de tissus","datePublished":"2013-06-26T19:48:53+00:00","dateModified":"2014-04-08T16:27:24+00:00","mainEntityOfPage":{"@id":"https:\/\/www.alexandremagnin.com\/main\/fr\/2013\/06\/26\/icones-et-recyclage-de-tissus\/"},"wordCount":207,"commentCount":0,"image":{"@id":"https:\/\/www.alexandremagnin.com\/main\/fr\/2013\/06\/26\/icones-et-recyclage-de-tissus\/#primaryimage"},"thumbnailUrl":"https:\/\/www.alexandremagnin.com\/main\/fr\/wp-content\/uploads\/sites\/3\/2013\/06\/IconsEcoEquitable-StrategicGoals.png","keywords":["couture","durable","ecoequitable","graphisme","ic\u00f4nes","illustration","immigrant","recycler","tissu"],"articleSection":["Graphisme"],"inLanguage":"fr-FR","potentialAction":[{"@type":"CommentAction","name":"Comment","target":["https:\/\/www.alexandremagnin.com\/main\/fr\/2013\/06\/26\/icones-et-recyclage-de-tissus\/#respond"]}]},{"@type":"WebPage","@id":"https:\/\/www.alexandremagnin.com\/main\/fr\/2013\/06\/26\/icones-et-recyclage-de-tissus\/","url":"https:\/\/www.alexandremagnin.com\/main\/fr\/2013\/06\/26\/icones-et-recyclage-de-tissus\/","name":"Ic\u00f4nes et recyclage de tissus - am creative ! [fr]","isPartOf":{"@id":"https:\/\/www.alexandremagnin.com\/main\/fr\/#website"},"primaryImageOfPage":{"@id":"https:\/\/www.alexandremagnin.com\/main\/fr\/2013\/06\/26\/icones-et-recyclage-de-tissus\/#primaryimage"},"image":{"@id":"https:\/\/www.alexandremagnin.com\/main\/fr\/2013\/06\/26\/icones-et-recyclage-de-tissus\/#primaryimage"},"thumbnailUrl":"https:\/\/www.alexandremagnin.com\/main\/fr\/wp-content\/uploads\/sites\/3\/2013\/06\/IconsEcoEquitable-StrategicGoals.png","datePublished":"2013-06-26T19:48:53+00:00","dateModified":"2014-04-08T16:27:24+00:00","author":{"@id":"https:\/\/www.alexandremagnin.com\/main\/fr\/#\/schema\/person\/4be7c1c885e74bf754e0aa9abc874767"},"inLanguage":"fr-FR","potentialAction":[{"@type":"ReadAction","target":["https:\/\/www.alexandremagnin.com\/main\/fr\/2013\/06\/26\/icones-et-recyclage-de-tissus\/"]}]},{"@type":"ImageObject","inLanguage":"fr-FR","@id":"https:\/\/www.alexandremagnin.com\/main\/fr\/2013\/06\/26\/icones-et-recyclage-de-tissus\/#primaryimage","url":"https:\/\/www.alexandremagnin.com\/main\/fr\/wp-content\/uploads\/sites\/3\/2013\/06\/IconsEcoEquitable-StrategicGoals.png","contentUrl":"https:\/\/www.alexandremagnin.com\/main\/fr\/wp-content\/uploads\/sites\/3\/2013\/06\/IconsEcoEquitable-StrategicGoals.png","width":569,"height":568},{"@type":"WebSite","@id":"https:\/\/www.alexandremagnin.com\/main\/fr\/#website","url":"https:\/\/www.alexandremagnin.com\/main\/fr\/","name":"am creative ! [fr]","description":"Alexandre Magnin: Illustrer un changement durable","potentialAction":[{"@type":"SearchAction","target":{"@type":"EntryPoint","urlTemplate":"https:\/\/www.alexandremagnin.com\/main\/fr\/?s={search_term_string}"},"query-input":{"@type":"PropertyValueSpecification","valueRequired":true,"valueName":"search_term_string"}}],"inLanguage":"fr-FR"},{"@type":"Person","@id":"https:\/\/www.alexandremagnin.com\/main\/fr\/#\/schema\/person\/4be7c1c885e74bf754e0aa9abc874767","name":"Alexandre","image":{"@type":"ImageObject","inLanguage":"fr-FR","@id":"https:\/\/secure.gravatar.com\/avatar\/2c77fe88424223ee844fbe74abf9d616084630610af6fa37e6369579438c625e?s=96&d=mm&r=g","url":"https:\/\/secure.gravatar.com\/avatar\/2c77fe88424223ee844fbe74abf9d616084630610af6fa37e6369579438c625e?s=96&d=mm&r=g","contentUrl":"https:\/\/secure.gravatar.com\/avatar\/2c77fe88424223ee844fbe74abf9d616084630610af6fa37e6369579438c625e?s=96&d=mm&r=g","caption":"Alexandre"},"url":"https:\/\/www.alexandremagnin.com\/main\/fr\/author\/alexandre-magningmail-com\/"}]}},"_links":{"self":[{"href":"https:\/\/www.alexandremagnin.com\/main\/fr\/wp-json\/wp\/v2\/posts\/166","targetHints":{"allow":["GET"]}}],"collection":[{"href":"https:\/\/www.alexandremagnin.com\/main\/fr\/wp-json\/wp\/v2\/posts"}],"about":[{"href":"https:\/\/www.alexandremagnin.com\/main\/fr\/wp-json\/wp\/v2\/types\/post"}],"author":[{"embeddable":true,"href":"https:\/\/www.alexandremagnin.com\/main\/fr\/wp-json\/wp\/v2\/users\/1"}],"replies":[{"embeddable":true,"href":"https:\/\/www.alexandremagnin.com\/main\/fr\/wp-json\/wp\/v2\/comments?post=166"}],"version-history":[{"count":0,"href":"https:\/\/www.alexandremagnin.com\/main\/fr\/wp-json\/wp\/v2\/posts\/166\/revisions"}],"wp:featuredmedia":[{"embeddable":true,"href":"https:\/\/www.alexandremagnin.com\/main\/fr\/wp-json\/wp\/v2\/media\/183"}],"wp:attachment":[{"href":"https:\/\/www.alexandremagnin.com\/main\/fr\/wp-json\/wp\/v2\/media?parent=166"}],"wp:term":[{"taxonomy":"category","embeddable":true,"href":"https:\/\/www.alexandremagnin.com\/main\/fr\/wp-json\/wp\/v2\/categories?post=166"},{"taxonomy":"post_tag","embeddable":true,"href":"https:\/\/www.alexandremagnin.com\/main\/fr\/wp-json\/wp\/v2\/tags?post=166"}],"curies":[{"name":"wp","href":"https:\/\/api.w.org\/{rel}","templated":true}]}}