{"id":51,"date":"2012-08-24T11:32:42","date_gmt":"2012-08-24T18:32:42","guid":{"rendered":"http:\/\/www.alexandremagnin.com\/mywordpress\/fr\/?p=51"},"modified":"2014-04-08T16:43:21","modified_gmt":"2014-04-08T16:43:21","slug":"coluche-crayon-conte","status":"publish","type":"post","link":"https:\/\/www.alexandremagnin.com\/main\/fr\/2012\/08\/24\/coluche-crayon-conte\/","title":{"rendered":"Coluche: crayon Cont\u00e9"},"content":{"rendered":"<p>Le post du jour est un portrait d&rsquo;une personne pour qui j&rsquo;ai beaucoup d&rsquo;admiration et qui me fait rire depuis que j&rsquo;ai 10 ans:\u00a0<a title=\"Coluche\" href=\"http:\/\/en.wikipedia.org\/wiki\/Coluche\" target=\"_blank\">Coluche<\/a>. Son humour unique et ses\u00a0<a title=\"Restos du coeur\" href=\"http:\/\/www.restosducoeur.org\" target=\"_blank\">Restos du coeur<\/a>\u00a0\u00a0m&rsquo;inspirent toujours aujourd&rsquo;hui. J&rsquo;ai cherch\u00e9 sur Google une photo qui repr\u00e9sentait bien le souvenir que j&rsquo;ai de lui et je l&rsquo;ai dessin\u00e9 (crayon Cont\u00e9 marron) en \u00e9coutant ses sketchs pendant deux bonnes heures sur mon iPod. J&rsquo;ai ins\u00e9r\u00e9 en bas de ce post la photo originale. Vous verrez que mon interpr\u00e9tation est assez diff\u00e9rente et que mon Coluche a l&rsquo;air plus ag\u00e9 et sage que le vrai. Hmm je me demande pourquoi&#8230; J&rsquo;aime tellement ce dessin que je l&rsquo;ai encadr\u00e9 et que je le regarde chaque jour,\u00a0<em>fier comme si j&rsquo;avais un bar tabac<\/em>.<\/p>\n<p>Cette premi\u00e8re utilisation du crayon Cont\u00e9 marron \u00e9tait d\u00e9licate: le crayon est \u00e0 la fois tr\u00e8s sec et cr\u00e9\u00e9 beaucoup de poussi\u00e8re qui laisse des traces (ne soufflez surtout pas). M\u00eame s&rsquo;il s&rsquo;estompe tr\u00e8s bien au tortillon, je n&rsquo;ai utilis\u00e9 cette technique sur ce dessin afin de conserver un aspect plus grossier et rugueux qui le repr\u00e9sente mieux \u00e0 mon avis (<em>je me comprends, je me comprends&#8230;<\/em>)<\/p>\n<div id=\"attachment_69\" style=\"width: 160px\" class=\"wp-caption alignleft\"><a href=\"http:\/\/www.alexandremagnin.com\/mywordpress\/fr\/files\/2012\/08\/coluche1.jpeg\"><img loading=\"lazy\" decoding=\"async\" aria-describedby=\"caption-attachment-69\" class=\"size-thumbnail wp-image-69 \" title=\"coluche-google\" alt=\"\" src=\"http:\/\/www.alexandremagnin.com\/mywordpress\/fr\/files\/2012\/08\/coluche1-150x150.jpeg\" width=\"150\" height=\"150\" \/><\/a><p id=\"caption-attachment-69\" class=\"wp-caption-text\">Coluche (Google images)<\/p><\/div>\n","protected":false},"excerpt":{"rendered":"<p>Le post du jour est un portrait d&rsquo;une personne pour qui j&rsquo;ai beaucoup d&rsquo;admiration et qui me fait rire depuis que j&rsquo;ai 10 ans:\u00a0Coluche. Son humour unique et ses\u00a0Restos du&#8230;<\/p>\n","protected":false},"author":1,"featured_media":52,"comment_status":"open","ping_status":"open","sticky":false,"template":"","format":"standard","meta":{"footnotes":""},"categories":[4],"tags":[32,33,37,100],"class_list":{"0":"post-51","1":"post","2":"type-post","3":"status-publish","4":"format-standard","5":"has-post-thumbnail","7":"category-dessins","8":"tag-coluche","9":"tag-conte","10":"tag-crayon","11":"tag-portrait"},"yoast_head":"<!-- This site is optimized with the Yoast SEO plugin v27.5 - https:\/\/yoast.com\/product\/yoast-seo-wordpress\/ -->\n<title>Coluche: crayon Cont\u00e9 - am creative ! [fr]<\/title>\n<meta name=\"robots\" content=\"index, follow, max-snippet:-1, max-image-preview:large, max-video-preview:-1\" \/>\n<link rel=\"canonical\" href=\"https:\/\/www.alexandremagnin.com\/main\/fr\/2012\/08\/24\/coluche-crayon-conte\/\" \/>\n<meta property=\"og:locale\" content=\"fr_FR\" \/>\n<meta property=\"og:type\" content=\"article\" \/>\n<meta property=\"og:title\" content=\"Coluche: crayon Cont\u00e9 - am creative ! [fr]\" \/>\n<meta property=\"og:description\" content=\"Le post du jour est un portrait d&rsquo;une personne pour qui j&rsquo;ai beaucoup d&rsquo;admiration et qui me fait rire depuis que j&rsquo;ai 10 ans:\u00a0Coluche. Son humour unique et ses\u00a0Restos du...\" \/>\n<meta property=\"og:url\" content=\"https:\/\/www.alexandremagnin.com\/main\/fr\/2012\/08\/24\/coluche-crayon-conte\/\" \/>\n<meta property=\"og:site_name\" content=\"am creative ! [fr]\" \/>\n<meta property=\"article:published_time\" content=\"2012-08-24T18:32:42+00:00\" \/>\n<meta property=\"article:modified_time\" content=\"2014-04-08T16:43:21+00:00\" \/>\n<meta property=\"og:image\" content=\"https:\/\/www.alexandremagnin.com\/main\/fr\/wp-content\/uploads\/sites\/3\/2012\/09\/Coluche-crayon-conte-768x1024.jpeg\" \/>\n\t<meta property=\"og:image:width\" content=\"768\" \/>\n\t<meta property=\"og:image:height\" content=\"1024\" \/>\n\t<meta property=\"og:image:type\" content=\"image\/jpeg\" \/>\n<meta name=\"author\" content=\"Alexandre\" \/>\n<meta name=\"twitter:label1\" content=\"\u00c9crit par\" \/>\n\t<meta name=\"twitter:data1\" content=\"Alexandre\" \/>\n\t<meta name=\"twitter:label2\" content=\"Dur\u00e9e de lecture estim\u00e9e\" \/>\n\t<meta name=\"twitter:data2\" content=\"1 minute\" \/>\n<script type=\"application\/ld+json\" class=\"yoast-schema-graph\">{\"@context\":\"https:\\\/\\\/schema.org\",\"@graph\":[{\"@type\":\"Article\",\"@id\":\"https:\\\/\\\/www.alexandremagnin.com\\\/main\\\/fr\\\/2012\\\/08\\\/24\\\/coluche-crayon-conte\\\/#article\",\"isPartOf\":{\"@id\":\"https:\\\/\\\/www.alexandremagnin.com\\\/main\\\/fr\\\/2012\\\/08\\\/24\\\/coluche-crayon-conte\\\/\"},\"author\":{\"name\":\"Alexandre\",\"@id\":\"https:\\\/\\\/www.alexandremagnin.com\\\/main\\\/fr\\\/#\\\/schema\\\/person\\\/4be7c1c885e74bf754e0aa9abc874767\"},\"headline\":\"Coluche: crayon Cont\u00e9\",\"datePublished\":\"2012-08-24T18:32:42+00:00\",\"dateModified\":\"2014-04-08T16:43:21+00:00\",\"mainEntityOfPage\":{\"@id\":\"https:\\\/\\\/www.alexandremagnin.com\\\/main\\\/fr\\\/2012\\\/08\\\/24\\\/coluche-crayon-conte\\\/\"},\"wordCount\":232,\"commentCount\":0,\"image\":{\"@id\":\"https:\\\/\\\/www.alexandremagnin.com\\\/main\\\/fr\\\/2012\\\/08\\\/24\\\/coluche-crayon-conte\\\/#primaryimage\"},\"thumbnailUrl\":\"https:\\\/\\\/www.alexandremagnin.com\\\/main\\\/fr\\\/wp-content\\\/uploads\\\/sites\\\/3\\\/2012\\\/09\\\/Coluche-crayon-conte.jpeg\",\"keywords\":[\"coluche\",\"cont\u00e9\",\"crayon\",\"portrait\"],\"articleSection\":[\"Dessin\"],\"inLanguage\":\"fr-FR\",\"potentialAction\":[{\"@type\":\"CommentAction\",\"name\":\"Comment\",\"target\":[\"https:\\\/\\\/www.alexandremagnin.com\\\/main\\\/fr\\\/2012\\\/08\\\/24\\\/coluche-crayon-conte\\\/#respond\"]}]},{\"@type\":\"WebPage\",\"@id\":\"https:\\\/\\\/www.alexandremagnin.com\\\/main\\\/fr\\\/2012\\\/08\\\/24\\\/coluche-crayon-conte\\\/\",\"url\":\"https:\\\/\\\/www.alexandremagnin.com\\\/main\\\/fr\\\/2012\\\/08\\\/24\\\/coluche-crayon-conte\\\/\",\"name\":\"Coluche: crayon Cont\u00e9 - am creative ! [fr]\",\"isPartOf\":{\"@id\":\"https:\\\/\\\/www.alexandremagnin.com\\\/main\\\/fr\\\/#website\"},\"primaryImageOfPage\":{\"@id\":\"https:\\\/\\\/www.alexandremagnin.com\\\/main\\\/fr\\\/2012\\\/08\\\/24\\\/coluche-crayon-conte\\\/#primaryimage\"},\"image\":{\"@id\":\"https:\\\/\\\/www.alexandremagnin.com\\\/main\\\/fr\\\/2012\\\/08\\\/24\\\/coluche-crayon-conte\\\/#primaryimage\"},\"thumbnailUrl\":\"https:\\\/\\\/www.alexandremagnin.com\\\/main\\\/fr\\\/wp-content\\\/uploads\\\/sites\\\/3\\\/2012\\\/09\\\/Coluche-crayon-conte.jpeg\",\"datePublished\":\"2012-08-24T18:32:42+00:00\",\"dateModified\":\"2014-04-08T16:43:21+00:00\",\"author\":{\"@id\":\"https:\\\/\\\/www.alexandremagnin.com\\\/main\\\/fr\\\/#\\\/schema\\\/person\\\/4be7c1c885e74bf754e0aa9abc874767\"},\"inLanguage\":\"fr-FR\",\"potentialAction\":[{\"@type\":\"ReadAction\",\"target\":[\"https:\\\/\\\/www.alexandremagnin.com\\\/main\\\/fr\\\/2012\\\/08\\\/24\\\/coluche-crayon-conte\\\/\"]}]},{\"@type\":\"ImageObject\",\"inLanguage\":\"fr-FR\",\"@id\":\"https:\\\/\\\/www.alexandremagnin.com\\\/main\\\/fr\\\/2012\\\/08\\\/24\\\/coluche-crayon-conte\\\/#primaryimage\",\"url\":\"https:\\\/\\\/www.alexandremagnin.com\\\/main\\\/fr\\\/wp-content\\\/uploads\\\/sites\\\/3\\\/2012\\\/09\\\/Coluche-crayon-conte.jpeg\",\"contentUrl\":\"https:\\\/\\\/www.alexandremagnin.com\\\/main\\\/fr\\\/wp-content\\\/uploads\\\/sites\\\/3\\\/2012\\\/09\\\/Coluche-crayon-conte.jpeg\",\"width\":2736,\"height\":3648,\"caption\":\"Coluche: portrait au crayon Cont\u00e9\"},{\"@type\":\"WebSite\",\"@id\":\"https:\\\/\\\/www.alexandremagnin.com\\\/main\\\/fr\\\/#website\",\"url\":\"https:\\\/\\\/www.alexandremagnin.com\\\/main\\\/fr\\\/\",\"name\":\"am creative ! [fr]\",\"description\":\"Alexandre Magnin: Illustrer un changement durable\",\"potentialAction\":[{\"@type\":\"SearchAction\",\"target\":{\"@type\":\"EntryPoint\",\"urlTemplate\":\"https:\\\/\\\/www.alexandremagnin.com\\\/main\\\/fr\\\/?s={search_term_string}\"},\"query-input\":{\"@type\":\"PropertyValueSpecification\",\"valueRequired\":true,\"valueName\":\"search_term_string\"}}],\"inLanguage\":\"fr-FR\"},{\"@type\":\"Person\",\"@id\":\"https:\\\/\\\/www.alexandremagnin.com\\\/main\\\/fr\\\/#\\\/schema\\\/person\\\/4be7c1c885e74bf754e0aa9abc874767\",\"name\":\"Alexandre\",\"image\":{\"@type\":\"ImageObject\",\"inLanguage\":\"fr-FR\",\"@id\":\"https:\\\/\\\/secure.gravatar.com\\\/avatar\\\/2c77fe88424223ee844fbe74abf9d616084630610af6fa37e6369579438c625e?s=96&d=mm&r=g\",\"url\":\"https:\\\/\\\/secure.gravatar.com\\\/avatar\\\/2c77fe88424223ee844fbe74abf9d616084630610af6fa37e6369579438c625e?s=96&d=mm&r=g\",\"contentUrl\":\"https:\\\/\\\/secure.gravatar.com\\\/avatar\\\/2c77fe88424223ee844fbe74abf9d616084630610af6fa37e6369579438c625e?s=96&d=mm&r=g\",\"caption\":\"Alexandre\"},\"url\":\"https:\\\/\\\/www.alexandremagnin.com\\\/main\\\/fr\\\/author\\\/alexandre-magningmail-com\\\/\"}]}<\/script>\n<!-- \/ Yoast SEO plugin. -->","yoast_head_json":{"title":"Coluche: crayon Cont\u00e9 - am creative ! [fr]","robots":{"index":"index","follow":"follow","max-snippet":"max-snippet:-1","max-image-preview":"max-image-preview:large","max-video-preview":"max-video-preview:-1"},"canonical":"https:\/\/www.alexandremagnin.com\/main\/fr\/2012\/08\/24\/coluche-crayon-conte\/","og_locale":"fr_FR","og_type":"article","og_title":"Coluche: crayon Cont\u00e9 - am creative ! [fr]","og_description":"Le post du jour est un portrait d&rsquo;une personne pour qui j&rsquo;ai beaucoup d&rsquo;admiration et qui me fait rire depuis que j&rsquo;ai 10 ans:\u00a0Coluche. Son humour unique et ses\u00a0Restos du...","og_url":"https:\/\/www.alexandremagnin.com\/main\/fr\/2012\/08\/24\/coluche-crayon-conte\/","og_site_name":"am creative ! [fr]","article_published_time":"2012-08-24T18:32:42+00:00","article_modified_time":"2014-04-08T16:43:21+00:00","og_image":[{"width":768,"height":1024,"url":"https:\/\/www.alexandremagnin.com\/main\/fr\/wp-content\/uploads\/sites\/3\/2012\/09\/Coluche-crayon-conte-768x1024.jpeg","type":"image\/jpeg"}],"author":"Alexandre","twitter_misc":{"\u00c9crit par":"Alexandre","Dur\u00e9e de lecture estim\u00e9e":"1 minute"},"schema":{"@context":"https:\/\/schema.org","@graph":[{"@type":"Article","@id":"https:\/\/www.alexandremagnin.com\/main\/fr\/2012\/08\/24\/coluche-crayon-conte\/#article","isPartOf":{"@id":"https:\/\/www.alexandremagnin.com\/main\/fr\/2012\/08\/24\/coluche-crayon-conte\/"},"author":{"name":"Alexandre","@id":"https:\/\/www.alexandremagnin.com\/main\/fr\/#\/schema\/person\/4be7c1c885e74bf754e0aa9abc874767"},"headline":"Coluche: crayon Cont\u00e9","datePublished":"2012-08-24T18:32:42+00:00","dateModified":"2014-04-08T16:43:21+00:00","mainEntityOfPage":{"@id":"https:\/\/www.alexandremagnin.com\/main\/fr\/2012\/08\/24\/coluche-crayon-conte\/"},"wordCount":232,"commentCount":0,"image":{"@id":"https:\/\/www.alexandremagnin.com\/main\/fr\/2012\/08\/24\/coluche-crayon-conte\/#primaryimage"},"thumbnailUrl":"https:\/\/www.alexandremagnin.com\/main\/fr\/wp-content\/uploads\/sites\/3\/2012\/09\/Coluche-crayon-conte.jpeg","keywords":["coluche","cont\u00e9","crayon","portrait"],"articleSection":["Dessin"],"inLanguage":"fr-FR","potentialAction":[{"@type":"CommentAction","name":"Comment","target":["https:\/\/www.alexandremagnin.com\/main\/fr\/2012\/08\/24\/coluche-crayon-conte\/#respond"]}]},{"@type":"WebPage","@id":"https:\/\/www.alexandremagnin.com\/main\/fr\/2012\/08\/24\/coluche-crayon-conte\/","url":"https:\/\/www.alexandremagnin.com\/main\/fr\/2012\/08\/24\/coluche-crayon-conte\/","name":"Coluche: crayon Cont\u00e9 - am creative ! [fr]","isPartOf":{"@id":"https:\/\/www.alexandremagnin.com\/main\/fr\/#website"},"primaryImageOfPage":{"@id":"https:\/\/www.alexandremagnin.com\/main\/fr\/2012\/08\/24\/coluche-crayon-conte\/#primaryimage"},"image":{"@id":"https:\/\/www.alexandremagnin.com\/main\/fr\/2012\/08\/24\/coluche-crayon-conte\/#primaryimage"},"thumbnailUrl":"https:\/\/www.alexandremagnin.com\/main\/fr\/wp-content\/uploads\/sites\/3\/2012\/09\/Coluche-crayon-conte.jpeg","datePublished":"2012-08-24T18:32:42+00:00","dateModified":"2014-04-08T16:43:21+00:00","author":{"@id":"https:\/\/www.alexandremagnin.com\/main\/fr\/#\/schema\/person\/4be7c1c885e74bf754e0aa9abc874767"},"inLanguage":"fr-FR","potentialAction":[{"@type":"ReadAction","target":["https:\/\/www.alexandremagnin.com\/main\/fr\/2012\/08\/24\/coluche-crayon-conte\/"]}]},{"@type":"ImageObject","inLanguage":"fr-FR","@id":"https:\/\/www.alexandremagnin.com\/main\/fr\/2012\/08\/24\/coluche-crayon-conte\/#primaryimage","url":"https:\/\/www.alexandremagnin.com\/main\/fr\/wp-content\/uploads\/sites\/3\/2012\/09\/Coluche-crayon-conte.jpeg","contentUrl":"https:\/\/www.alexandremagnin.com\/main\/fr\/wp-content\/uploads\/sites\/3\/2012\/09\/Coluche-crayon-conte.jpeg","width":2736,"height":3648,"caption":"Coluche: portrait au crayon Cont\u00e9"},{"@type":"WebSite","@id":"https:\/\/www.alexandremagnin.com\/main\/fr\/#website","url":"https:\/\/www.alexandremagnin.com\/main\/fr\/","name":"am creative ! [fr]","description":"Alexandre Magnin: Illustrer un changement durable","potentialAction":[{"@type":"SearchAction","target":{"@type":"EntryPoint","urlTemplate":"https:\/\/www.alexandremagnin.com\/main\/fr\/?s={search_term_string}"},"query-input":{"@type":"PropertyValueSpecification","valueRequired":true,"valueName":"search_term_string"}}],"inLanguage":"fr-FR"},{"@type":"Person","@id":"https:\/\/www.alexandremagnin.com\/main\/fr\/#\/schema\/person\/4be7c1c885e74bf754e0aa9abc874767","name":"Alexandre","image":{"@type":"ImageObject","inLanguage":"fr-FR","@id":"https:\/\/secure.gravatar.com\/avatar\/2c77fe88424223ee844fbe74abf9d616084630610af6fa37e6369579438c625e?s=96&d=mm&r=g","url":"https:\/\/secure.gravatar.com\/avatar\/2c77fe88424223ee844fbe74abf9d616084630610af6fa37e6369579438c625e?s=96&d=mm&r=g","contentUrl":"https:\/\/secure.gravatar.com\/avatar\/2c77fe88424223ee844fbe74abf9d616084630610af6fa37e6369579438c625e?s=96&d=mm&r=g","caption":"Alexandre"},"url":"https:\/\/www.alexandremagnin.com\/main\/fr\/author\/alexandre-magningmail-com\/"}]}},"_links":{"self":[{"href":"https:\/\/www.alexandremagnin.com\/main\/fr\/wp-json\/wp\/v2\/posts\/51","targetHints":{"allow":["GET"]}}],"collection":[{"href":"https:\/\/www.alexandremagnin.com\/main\/fr\/wp-json\/wp\/v2\/posts"}],"about":[{"href":"https:\/\/www.alexandremagnin.com\/main\/fr\/wp-json\/wp\/v2\/types\/post"}],"author":[{"embeddable":true,"href":"https:\/\/www.alexandremagnin.com\/main\/fr\/wp-json\/wp\/v2\/users\/1"}],"replies":[{"embeddable":true,"href":"https:\/\/www.alexandremagnin.com\/main\/fr\/wp-json\/wp\/v2\/comments?post=51"}],"version-history":[{"count":0,"href":"https:\/\/www.alexandremagnin.com\/main\/fr\/wp-json\/wp\/v2\/posts\/51\/revisions"}],"wp:featuredmedia":[{"embeddable":true,"href":"https:\/\/www.alexandremagnin.com\/main\/fr\/wp-json\/wp\/v2\/media\/52"}],"wp:attachment":[{"href":"https:\/\/www.alexandremagnin.com\/main\/fr\/wp-json\/wp\/v2\/media?parent=51"}],"wp:term":[{"taxonomy":"category","embeddable":true,"href":"https:\/\/www.alexandremagnin.com\/main\/fr\/wp-json\/wp\/v2\/categories?post=51"},{"taxonomy":"post_tag","embeddable":true,"href":"https:\/\/www.alexandremagnin.com\/main\/fr\/wp-json\/wp\/v2\/tags?post=51"}],"curies":[{"name":"wp","href":"https:\/\/api.w.org\/{rel}","templated":true}]}}